{"id":9061,"date":"2014-12-15T12:55:47","date_gmt":"2014-12-15T10:25:47","guid":{"rendered":"http:\/\/www.casariche.es\/?p=9061"},"modified":"2014-12-16T12:59:01","modified_gmt":"2014-12-16T10:29:01","slug":"impartido-al-alumnado-de-ribete-un-taller-educativo-sobre-el-uso-del-movil","status":"publish","type":"post","link":"https:\/\/www.casariche.es\/?p=9061","title":{"rendered":"Impartido al alumnado de Ribete un Taller Educativo sobre el uso del m\u00f3vil"},"content":{"rendered":"<p style=\"text-align: justify;\">El Ayuntamiento de Casariche, desde su Concejal\u00eda de Igualdad, OMIC \u00a0y Centro Guadalinfo, con la colaboraci\u00f3n de la Consejer\u00eda de Igualdad, Salud y Pol\u00edticas Sociales de la Junta de Andaluc\u00eda) y Excma. Diputaci\u00f3n Provincial de Sevilla (\u00c1rea de Cohesi\u00f3n Social e Igualdad), desarroll\u00f3 con fecha 03 de diciembre de 2014 el \u201c<strong>TALLER EDUCATIVO\u00a0 \u201cTOCANDO LA PANTALLA: Programa Uso Inteligente del M\u00f3vil\u201d, <\/strong>que fue destinado a un grupo de\u00a0 alumnas y alumnos de Ribete, en horario de tarde (17:00 H) en el Aula de Inform\u00e1tica del Centro Guadalinfo.<\/p>\n<p style=\"text-align: justify;\">Dicho taller fue impartido por personal t\u00e9cnico de la Uni\u00f3n de Consumidores de Andaluc\u00eda (U.C.A), con la presencia de la O.M.I.C. (Pilar Florido) y Centro Guadalinfo (Javier Quesada).<\/p>\n<p style=\"text-align: justify;\">Esta actividad ha estado enmarcada dentro de la Campa\u00f1a Institucional del 25 de Noviembre contra la Violencia hacia la Mujer 2014 llevada a cabo durante los meses de noviembre y diciembre del presente a\u00f1o.<\/p>\n<p style=\"text-align: justify;\"><a href=\"http:\/\/www.casariche.es\/wp-content\/uploads\/2014\/12\/uso-movil-campa\u00f1a-25-n.jpg\"><img loading=\"lazy\" decoding=\"async\" class=\"aligncenter size-full wp-image-9063\" src=\"http:\/\/www.casariche.es\/wp-content\/uploads\/2014\/12\/uso-movil-campa\u00f1a-25-n.jpg\" alt=\"uso movil - campa\u00f1a 25 n\" width=\"480\" height=\"260\" srcset=\"https:\/\/www.casariche.es\/wp-content\/uploads\/2014\/12\/uso-movil-campa\u00f1a-25-n.jpg 480w, https:\/\/www.casariche.es\/wp-content\/uploads\/2014\/12\/uso-movil-campa\u00f1a-25-n-300x162.jpg 300w\" sizes=\"auto, (max-width: 480px) 100vw, 480px\" \/><\/a><\/p>\n","protected":false},"excerpt":{"rendered":"<p>El Ayuntamiento de Casariche, desde su Concejal\u00eda de Igualdad, OMIC \u00a0y Centro Guadalinfo, con la colaboraci\u00f3n de la Consejer\u00eda de Igualdad, Salud y Pol\u00edticas Sociales<\/p>\n","protected":false},"author":2,"featured_media":9063,"comment_status":"closed","ping_status":"open","sticky":false,"template":"","format":"standard","meta":{"footnotes":""},"categories":[4,1,6],"tags":[35,808,301,602,227],"class_list":["post-9061","post","type-post","status-publish","format-standard","has-post-thumbnail","hentry","category-desarrollo","category-sin-categoria","category-bienestar-social","tag-campana","tag-movil","tag-mujer","tag-uso","tag-violencia"],"_links":{"self":[{"href":"https:\/\/www.casariche.es\/index.php?rest_route=\/wp\/v2\/posts\/9061","targetHints":{"allow":["GET"]}}],"collection":[{"href":"https:\/\/www.casariche.es\/index.php?rest_route=\/wp\/v2\/posts"}],"about":[{"href":"https:\/\/www.casariche.es\/index.php?rest_route=\/wp\/v2\/types\/post"}],"author":[{"embeddable":true,"href":"https:\/\/www.casariche.es\/index.php?rest_route=\/wp\/v2\/users\/2"}],"replies":[{"embeddable":true,"href":"https:\/\/www.casariche.es\/index.php?rest_route=%2Fwp%2Fv2%2Fcomments&post=9061"}],"version-history":[{"count":2,"href":"https:\/\/www.casariche.es\/index.php?rest_route=\/wp\/v2\/posts\/9061\/revisions"}],"predecessor-version":[{"id":9064,"href":"https:\/\/www.casariche.es\/index.php?rest_route=\/wp\/v2\/posts\/9061\/revisions\/9064"}],"wp:featuredmedia":[{"embeddable":true,"href":"https:\/\/www.casariche.es\/index.php?rest_route=\/wp\/v2\/media\/9063"}],"wp:attachment":[{"href":"https:\/\/www.casariche.es\/index.php?rest_route=%2Fwp%2Fv2%2Fmedia&parent=9061"}],"wp:term":[{"taxonomy":"category","embeddable":true,"href":"https:\/\/www.casariche.es\/index.php?rest_route=%2Fwp%2Fv2%2Fcategories&post=9061"},{"taxonomy":"post_tag","embeddable":true,"href":"https:\/\/www.casariche.es\/index.php?rest_route=%2Fwp%2Fv2%2Ftags&post=9061"}],"curies":[{"name":"wp","href":"https:\/\/api.w.org\/{rel}","templated":true}]}}