{"id":9027,"date":"2014-12-11T08:38:17","date_gmt":"2014-12-11T06:08:17","guid":{"rendered":"http:\/\/www.casariche.es\/?p=9027"},"modified":"2014-12-11T20:40:14","modified_gmt":"2014-12-11T18:10:14","slug":"nuestros-mayores-asistieron-a-la-charla-genero-y-tercera-edad-construyendo-igualdad","status":"publish","type":"post","link":"https:\/\/www.casariche.es\/?p=9027","title":{"rendered":"Impartida a nuestros mayores la charla \u00abG\u00e9nero y Tercera Edad: Construyendo Igualdad\u00bb"},"content":{"rendered":"<p style=\"text-align: justify;\">El Ayuntamiento de Casariche, desde su Concejal\u00eda de Igualdad y con la colaboraci\u00f3n del Centro de Participaci\u00f3n Activa de Mayores de nuestra localidad, la Junta de Andaluc\u00eda (Consejer\u00eda de Igualdad, Salud y Pol\u00edticas Sociales) y la Excma. Diputaci\u00f3n Provincial de Sevilla (\u00c1rea de Cohesi\u00f3n Social e Igualdad), ha desarrollado una nueva actividad enmarcada dentro de la Campa\u00f1a Institucional contra la Violencia de G\u00e9nero 2014, que est\u00e1 en marcha en nuestro municipio durante los meses de noviembre y diciembre. \u00a0En esta ocasi\u00f3n, ha sido una Charla,\u00a0\u00a0titulada \u201cG\u00c9NERO Y TERCERA EDAD: CONSTRUYENDO IGUALDAD\u201d, que se destin\u00f3 a las mujeres y los hombres del Centro de Participaci\u00f3n Activa de Mayores.<\/p>\n<p style=\"text-align: justify;\">Dicha charla se celebr\u00f3 el 2 de diciembre, a las 17:30 h, y tuvo como ponente a Encarni Segura (Licenciada en Psicolog\u00eda y con experiencia en la Atenci\u00f3n y Tratamiento a Mujeres Victimas de Violencia de G\u00e9nero en el Servicio AMUVI de Sevilla). Durante la misma, se cont\u00f3 asimismo con la presencia de To\u00f1i Gonz\u00e1lez (Directora del Centro) y de Pilar Florido (Asesora Jur\u00eddica del PIM).<\/p>\n<p style=\"text-align: justify;\">El contenido de la misma fue muy interesante y su metodolog\u00eda muy participativa, de modo que capt\u00f3 en todo momento la atenci\u00f3n de los asistentes a la charla (una veintena de mayores de nuestro municipio).<\/p>\n<p style=\"text-align: justify;\">Se inici\u00f3 con un planteamiento sobre las relaciones igualitarias a trav\u00e9s de un lanzamiento de una lluvia de ideas donde se expusieron diferentes opiniones y formas de pensar, que condujo a un posterior e interesante debate, donde se abordaron aspectos como:<\/p>\n<p style=\"text-align: justify;\">\u2022 Violencia de G\u00e9nero<br \/>\n\u2022 Factores de riesgo en personas mayores victimas de violencia de g\u00e9nero<br \/>\n\u2022 Caracter\u00edsticas de mujeres mayores victimas de violencia de g\u00e9nero<br \/>\n\u2022 Relaciones igualitarias<br \/>\n\u2022 Riesgo de Exclusi\u00f3n Social<br \/>\n\u2022 Compartir sin violencia<\/p>\n<p style=\"text-align: justify;\">\u00a0<a href=\"http:\/\/www.casariche.es\/wp-content\/uploads\/2014\/12\/charla-violencia-genero-mayores.jpg\"><img loading=\"lazy\" decoding=\"async\" class=\"aligncenter size-full wp-image-9029\" src=\"http:\/\/www.casariche.es\/wp-content\/uploads\/2014\/12\/charla-violencia-genero-mayores.jpg\" alt=\"charla violencia genero mayores\" width=\"480\" height=\"260\" srcset=\"https:\/\/www.casariche.es\/wp-content\/uploads\/2014\/12\/charla-violencia-genero-mayores.jpg 480w, https:\/\/www.casariche.es\/wp-content\/uploads\/2014\/12\/charla-violencia-genero-mayores-300x162.jpg 300w\" sizes=\"auto, (max-width: 480px) 100vw, 480px\" \/><\/a><\/p>\n","protected":false},"excerpt":{"rendered":"<p>El Ayuntamiento de Casariche, desde su Concejal\u00eda de Igualdad y con la colaboraci\u00f3n del Centro de Participaci\u00f3n Activa de Mayores de nuestra localidad, la Junta<\/p>\n","protected":false},"author":2,"featured_media":9029,"comment_status":"closed","ping_status":"open","sticky":false,"template":"","format":"standard","meta":{"footnotes":""},"categories":[1,6],"tags":[35,579,228,227],"class_list":["post-9027","post","type-post","status-publish","format-standard","has-post-thumbnail","hentry","category-sin-categoria","category-bienestar-social","tag-campana","tag-charla","tag-genero","tag-violencia"],"_links":{"self":[{"href":"https:\/\/www.casariche.es\/index.php?rest_route=\/wp\/v2\/posts\/9027","targetHints":{"allow":["GET"]}}],"collection":[{"href":"https:\/\/www.casariche.es\/index.php?rest_route=\/wp\/v2\/posts"}],"about":[{"href":"https:\/\/www.casariche.es\/index.php?rest_route=\/wp\/v2\/types\/post"}],"author":[{"embeddable":true,"href":"https:\/\/www.casariche.es\/index.php?rest_route=\/wp\/v2\/users\/2"}],"replies":[{"embeddable":true,"href":"https:\/\/www.casariche.es\/index.php?rest_route=%2Fwp%2Fv2%2Fcomments&post=9027"}],"version-history":[{"count":4,"href":"https:\/\/www.casariche.es\/index.php?rest_route=\/wp\/v2\/posts\/9027\/revisions"}],"predecessor-version":[{"id":9032,"href":"https:\/\/www.casariche.es\/index.php?rest_route=\/wp\/v2\/posts\/9027\/revisions\/9032"}],"wp:featuredmedia":[{"embeddable":true,"href":"https:\/\/www.casariche.es\/index.php?rest_route=\/wp\/v2\/media\/9029"}],"wp:attachment":[{"href":"https:\/\/www.casariche.es\/index.php?rest_route=%2Fwp%2Fv2%2Fmedia&parent=9027"}],"wp:term":[{"taxonomy":"category","embeddable":true,"href":"https:\/\/www.casariche.es\/index.php?rest_route=%2Fwp%2Fv2%2Fcategories&post=9027"},{"taxonomy":"post_tag","embeddable":true,"href":"https:\/\/www.casariche.es\/index.php?rest_route=%2Fwp%2Fv2%2Ftags&post=9027"}],"curies":[{"name":"wp","href":"https:\/\/api.w.org\/{rel}","templated":true}]}}