{"id":9004,"date":"2014-12-10T08:25:05","date_gmt":"2014-12-10T05:55:05","guid":{"rendered":"http:\/\/www.casariche.es\/?p=9004"},"modified":"2014-12-10T20:25:28","modified_gmt":"2014-12-10T17:55:28","slug":"arranca-parlamento-joven-2014-2015","status":"publish","type":"post","link":"https:\/\/www.casariche.es\/?p=9004","title":{"rendered":"Arranca Parlamento Joven 2014-2015"},"content":{"rendered":"<p>El pasado 4 de Diciembre arranc\u00f3 la nueva temporada de PARLAMENTO JOVEN, en su edici\u00f3n del presente curso escolar (2014-2015). Este curso se trabajar\u00e1 con la clase de 2\u00ba B del IES ATALAYA.<\/p>\n<p>Esta es una muestra m\u00e1s de la apuesta del Ayuntamiento de Casariche por la participaci\u00f3n ciudadana, en este caso, por la de nuestros j\u00f3venes.<\/p>\n<p style=\"text-align: justify;\">Cabe recordar que el Parlamento Joven es un programa patrocinado por la Diputaci\u00f3n de Sevilla y que persigue la integraci\u00f3n de la perspectiva juvenil en las pol\u00edticas municipales, a trav\u00e9s de una estructura de participaci\u00f3n, con el fin de que los j\u00f3venes puedan identificar las problem\u00e1ticas o aspectos a mejorar en el municipio y realizar las propuestas de intervenci\u00f3n m\u00e1s apropiadas para solventarlos a su juicio. Adem\u00e1s, constituye para los j\u00f3venes participantes una experiencia de participaci\u00f3n democr\u00e1tica que contribuir\u00e1 a crear futuros ciudadanos y ciudadanas comprometidos con la realidad social y pol\u00edtica de su localidad. Es \u00e9ste un proyecto de car\u00e1cter bianual que comienza en el primer curso de la ESO y concluye cuando el alumnado est\u00e1 finalizando segundo.<\/p>\n<p>\u00a0<a href=\"http:\/\/www.casariche.es\/wp-content\/uploads\/2014\/12\/facebook_1417853568917.jpg\"><img loading=\"lazy\" decoding=\"async\" class=\"aligncenter size-full wp-image-9007\" src=\"http:\/\/www.casariche.es\/wp-content\/uploads\/2014\/12\/facebook_1417853568917.jpg\" alt=\"facebook_1417853568917\" width=\"480\" height=\"260\" srcset=\"https:\/\/www.casariche.es\/wp-content\/uploads\/2014\/12\/facebook_1417853568917.jpg 480w, https:\/\/www.casariche.es\/wp-content\/uploads\/2014\/12\/facebook_1417853568917-300x162.jpg 300w\" sizes=\"auto, (max-width: 480px) 100vw, 480px\" \/><\/a><\/p>\n","protected":false},"excerpt":{"rendered":"<p>El pasado 4 de Diciembre arranc\u00f3 la nueva temporada de PARLAMENTO JOVEN, en su edici\u00f3n del presente curso escolar (2014-2015). Este curso se trabajar\u00e1 con<\/p>\n","protected":false},"author":2,"featured_media":9007,"comment_status":"closed","ping_status":"open","sticky":false,"template":"","format":"standard","meta":{"footnotes":""},"categories":[1,22],"tags":[118,382],"class_list":["post-9004","post","type-post","status-publish","format-standard","has-post-thumbnail","hentry","category-sin-categoria","category-juventud","tag-joven","tag-parlamento"],"_links":{"self":[{"href":"https:\/\/www.casariche.es\/index.php?rest_route=\/wp\/v2\/posts\/9004","targetHints":{"allow":["GET"]}}],"collection":[{"href":"https:\/\/www.casariche.es\/index.php?rest_route=\/wp\/v2\/posts"}],"about":[{"href":"https:\/\/www.casariche.es\/index.php?rest_route=\/wp\/v2\/types\/post"}],"author":[{"embeddable":true,"href":"https:\/\/www.casariche.es\/index.php?rest_route=\/wp\/v2\/users\/2"}],"replies":[{"embeddable":true,"href":"https:\/\/www.casariche.es\/index.php?rest_route=%2Fwp%2Fv2%2Fcomments&post=9004"}],"version-history":[{"count":3,"href":"https:\/\/www.casariche.es\/index.php?rest_route=\/wp\/v2\/posts\/9004\/revisions"}],"predecessor-version":[{"id":9008,"href":"https:\/\/www.casariche.es\/index.php?rest_route=\/wp\/v2\/posts\/9004\/revisions\/9008"}],"wp:featuredmedia":[{"embeddable":true,"href":"https:\/\/www.casariche.es\/index.php?rest_route=\/wp\/v2\/media\/9007"}],"wp:attachment":[{"href":"https:\/\/www.casariche.es\/index.php?rest_route=%2Fwp%2Fv2%2Fmedia&parent=9004"}],"wp:term":[{"taxonomy":"category","embeddable":true,"href":"https:\/\/www.casariche.es\/index.php?rest_route=%2Fwp%2Fv2%2Fcategories&post=9004"},{"taxonomy":"post_tag","embeddable":true,"href":"https:\/\/www.casariche.es\/index.php?rest_route=%2Fwp%2Fv2%2Ftags&post=9004"}],"curies":[{"name":"wp","href":"https:\/\/api.w.org\/{rel}","templated":true}]}}