{"id":8996,"date":"2014-12-12T09:07:15","date_gmt":"2014-12-12T06:37:15","guid":{"rendered":"http:\/\/www.casariche.es\/?p=8996"},"modified":"2014-12-12T14:43:31","modified_gmt":"2014-12-12T12:13:31","slug":"este-sabado-a-las-1700-horas-iii-zambomba-solidaria-nazareno-y-esperanza-en-el-teatro","status":"publish","type":"post","link":"https:\/\/www.casariche.es\/?p=8996","title":{"rendered":"Este s\u00e1bado a las 17:00 horas, III Zambomb\u00e1 Solidaria \u2018Nazareno y Esperanza\u2019 en el Teatro"},"content":{"rendered":"<p>Un a\u00f1o m\u00e1s, se celebra la tradicional Zambomb\u00e1 Solidaria de Navidad. En esta ocasi\u00f3n, tendr\u00e1 lugar el pr\u00f3ximo <strong>s\u00e1bado d\u00eda 13 de Diciembre a partir de las 17:00 horas en el Teatro Municipal.<\/strong><\/p>\n<p><strong>La III Zambomb\u00e1 Solidaria \u201cNazareno y Esperanza\u201d a beneficio de Caritas Parroquial <\/strong>dar\u00e1 el pistoletazo de salida a la Navidad casariche\u00f1a con la participaci\u00f3n de varios colectivos y grupos solidarios que seguro que nos har\u00e1n disfrutar de una fant\u00e1stica tarde-noche.<\/p>\n<p>El acto estar\u00e1 presentado por la periodista y directora del peri\u00f3dico digital Sierra Sur <strong>Reme Camero<\/strong> y por el locutor radiof\u00f3nico casariche\u00f1o<strong> Manuel Moreno<\/strong>, que dar\u00e1n paso las distintas actuaciones:<a href=\"http:\/\/www.nazarenoyesperanza.es\/wp-content\/uploads\/2014\/12\/zambomba_2014.jpg\"><img loading=\"lazy\" decoding=\"async\" class=\"wp-image-1314 alignright\" src=\"http:\/\/www.nazarenoyesperanza.es\/wp-content\/uploads\/2014\/12\/zambomba_2014-724x1024.jpg\" alt=\"zambomba_2014\" width=\"235\" height=\"372\" \/><\/a><\/p>\n<ul>\n<li><strong>Teatro Navide\u00f1o a cargo de la Guarder\u00eda <\/strong><strong>Municipal.<\/strong><\/li>\n<li><strong>Coro del Colegio Lope de Vega<\/strong><\/li>\n<li><strong>Asociaci\u00f3n Crisol-Aydis<br \/>\n<\/strong><\/li>\n<li><strong>Coro del Centro D\u00eda de Mayores<\/strong><\/li>\n<li><strong>Margari Guerrero (finalista de Openraci\u00f3n Talento de Sevilla)<\/strong><\/li>\n<li><strong>Grupo flamenco \u201cEsto es lo que hay\u201d<\/strong><\/li>\n<li><strong>Ismael Carmona (concursante del programa de TV \u201cSe llama Copla\u201d)<\/strong><\/li>\n<\/ul>\n<p>El coste de la entrada solidaria ser\u00e1 de 3\u201900\u20ac. <strong>El dinero recaudado con las entradas ser\u00e1 donado \u00edntegramente a Caritas Parroquial<\/strong> con la finalidad de ayudar a los m\u00e1s necesitados de nuestro pueblo y aportar una peque\u00f1a ayuda a las familias que est\u00e1n pasando dif\u00edciles momentos y puedan disfrutar de unas Felices Fiestas.<\/p>\n<p>La Zambomb\u00e1 est\u00e1 organizada por la Hermandad Nazareno y Esperanza, y cuenta con la colaboraci\u00f3n del Ayuntamiento de Casariche y C\u00e1ritas Parroquial.<\/p>\n","protected":false},"excerpt":{"rendered":"<p>Un a\u00f1o m\u00e1s, se celebra la tradicional Zambomb\u00e1 Solidaria de Navidad. En esta ocasi\u00f3n, tendr\u00e1 lugar el pr\u00f3ximo s\u00e1bado d\u00eda 13 de Diciembre a partir<\/p>\n","protected":false},"author":1,"featured_media":9000,"comment_status":"closed","ping_status":"open","sticky":false,"template":"","format":"standard","meta":{"footnotes":""},"categories":[7,1,6],"tags":[292,13,797,819,175,800],"class_list":["post-8996","post","type-post","status-publish","format-standard","has-post-thumbnail","hentry","category-cultura","category-sin-categoria","category-bienestar-social","tag-caritas","tag-casariche","tag-navidad","tag-nazareno-y-esperanza","tag-solidaridad","tag-zambomba"],"_links":{"self":[{"href":"https:\/\/www.casariche.es\/index.php?rest_route=\/wp\/v2\/posts\/8996","targetHints":{"allow":["GET"]}}],"collection":[{"href":"https:\/\/www.casariche.es\/index.php?rest_route=\/wp\/v2\/posts"}],"about":[{"href":"https:\/\/www.casariche.es\/index.php?rest_route=\/wp\/v2\/types\/post"}],"author":[{"embeddable":true,"href":"https:\/\/www.casariche.es\/index.php?rest_route=\/wp\/v2\/users\/1"}],"replies":[{"embeddable":true,"href":"https:\/\/www.casariche.es\/index.php?rest_route=%2Fwp%2Fv2%2Fcomments&post=8996"}],"version-history":[{"count":3,"href":"https:\/\/www.casariche.es\/index.php?rest_route=\/wp\/v2\/posts\/8996\/revisions"}],"predecessor-version":[{"id":8999,"href":"https:\/\/www.casariche.es\/index.php?rest_route=\/wp\/v2\/posts\/8996\/revisions\/8999"}],"wp:featuredmedia":[{"embeddable":true,"href":"https:\/\/www.casariche.es\/index.php?rest_route=\/wp\/v2\/media\/9000"}],"wp:attachment":[{"href":"https:\/\/www.casariche.es\/index.php?rest_route=%2Fwp%2Fv2%2Fmedia&parent=8996"}],"wp:term":[{"taxonomy":"category","embeddable":true,"href":"https:\/\/www.casariche.es\/index.php?rest_route=%2Fwp%2Fv2%2Fcategories&post=8996"},{"taxonomy":"post_tag","embeddable":true,"href":"https:\/\/www.casariche.es\/index.php?rest_route=%2Fwp%2Fv2%2Ftags&post=8996"}],"curies":[{"name":"wp","href":"https:\/\/api.w.org\/{rel}","templated":true}]}}