{"id":8985,"date":"2014-12-09T14:04:10","date_gmt":"2014-12-09T11:34:10","guid":{"rendered":"http:\/\/www.casariche.es\/?p=8985"},"modified":"2014-12-09T14:04:10","modified_gmt":"2014-12-09T11:34:10","slug":"crisol-arranco-las-risas-y-los-aplausos-del-publico-con-su-teatro-la-foto-de-navidad","status":"publish","type":"post","link":"https:\/\/www.casariche.es\/?p=8985","title":{"rendered":"Crisol arranc\u00f3 las risas y los aplausos del p\u00fablico con su teatro \u00abLa foto de Navidad\u00bb"},"content":{"rendered":"<p>La actuaci\u00f3n de la Asociaci\u00f3n local CRISOL-AYDIS el domingo 7 de Diciembre en el Teatro Municipal de Casariche, que llen\u00f3 pr\u00e1cticamente su aforo, fue muy aplaudida por el numeroso p\u00fablico asistente. Con grandes dosis de humor y mucha actividad sobre el escenario, pusieron en escena la adaptaci\u00f3n de la obra \u201cLA FOTO DE NAVIDAD\u201d de Jos\u00e9 Manuel Ballesteros Pastor. Una obra cuya sinopsis es la siguiente: \u00abEn esta foto de Navidad salen retratados todos, desde el ni\u00f1o Jes\u00fas hasta el Gordo de navidad. Pero son tantos que el fot\u00f3grafo se tendr\u00e1 que armar de paciencia para colocarlos a todos&#8230; \u00bfC\u00f3mo lo conseguir\u00e1?\u00bb.<\/p>\n<p style=\"text-align: justify;\"><a href=\"http:\/\/www.casariche.es\/wp-content\/uploads\/2014\/12\/teatro-la-foto-de-navidad.jpg\"><img loading=\"lazy\" decoding=\"async\" class=\"aligncenter size-full wp-image-8987\" src=\"http:\/\/www.casariche.es\/wp-content\/uploads\/2014\/12\/teatro-la-foto-de-navidad.jpg\" alt=\"teatro la foto de navidad\" width=\"480\" height=\"260\" srcset=\"https:\/\/www.casariche.es\/wp-content\/uploads\/2014\/12\/teatro-la-foto-de-navidad.jpg 480w, https:\/\/www.casariche.es\/wp-content\/uploads\/2014\/12\/teatro-la-foto-de-navidad-300x162.jpg 300w\" sizes=\"auto, (max-width: 480px) 100vw, 480px\" \/><\/a><\/p>\n<p style=\"text-align: justify;\">Y para concluir, nos deleitaron con unos villancicos tradicionales con letras de cosecha propia y en clave humor\u00edsitica en los que no faltaron alusiones a temas de actualidad.<\/p>\n","protected":false},"excerpt":{"rendered":"<p>La actuaci\u00f3n de la Asociaci\u00f3n local CRISOL-AYDIS el domingo 7 de Diciembre en el Teatro Municipal de Casariche, que llen\u00f3 pr\u00e1cticamente su aforo, fue muy<\/p>\n","protected":false},"author":2,"featured_media":8987,"comment_status":"closed","ping_status":"open","sticky":false,"template":"","format":"standard","meta":{"footnotes":""},"categories":[7,1,6],"tags":[333,797,218],"class_list":["post-8985","post","type-post","status-publish","format-standard","has-post-thumbnail","hentry","category-cultura","category-sin-categoria","category-bienestar-social","tag-crisol","tag-navidad","tag-teatro"],"_links":{"self":[{"href":"https:\/\/www.casariche.es\/index.php?rest_route=\/wp\/v2\/posts\/8985","targetHints":{"allow":["GET"]}}],"collection":[{"href":"https:\/\/www.casariche.es\/index.php?rest_route=\/wp\/v2\/posts"}],"about":[{"href":"https:\/\/www.casariche.es\/index.php?rest_route=\/wp\/v2\/types\/post"}],"author":[{"embeddable":true,"href":"https:\/\/www.casariche.es\/index.php?rest_route=\/wp\/v2\/users\/2"}],"replies":[{"embeddable":true,"href":"https:\/\/www.casariche.es\/index.php?rest_route=%2Fwp%2Fv2%2Fcomments&post=8985"}],"version-history":[{"count":2,"href":"https:\/\/www.casariche.es\/index.php?rest_route=\/wp\/v2\/posts\/8985\/revisions"}],"predecessor-version":[{"id":8988,"href":"https:\/\/www.casariche.es\/index.php?rest_route=\/wp\/v2\/posts\/8985\/revisions\/8988"}],"wp:featuredmedia":[{"embeddable":true,"href":"https:\/\/www.casariche.es\/index.php?rest_route=\/wp\/v2\/media\/8987"}],"wp:attachment":[{"href":"https:\/\/www.casariche.es\/index.php?rest_route=%2Fwp%2Fv2%2Fmedia&parent=8985"}],"wp:term":[{"taxonomy":"category","embeddable":true,"href":"https:\/\/www.casariche.es\/index.php?rest_route=%2Fwp%2Fv2%2Fcategories&post=8985"},{"taxonomy":"post_tag","embeddable":true,"href":"https:\/\/www.casariche.es\/index.php?rest_route=%2Fwp%2Fv2%2Ftags&post=8985"}],"curies":[{"name":"wp","href":"https:\/\/api.w.org\/{rel}","templated":true}]}}