{"id":8973,"date":"2014-12-05T21:43:18","date_gmt":"2014-12-05T19:13:18","guid":{"rendered":"http:\/\/www.casariche.es\/?p=8973"},"modified":"2014-12-10T00:18:27","modified_gmt":"2014-12-09T21:48:27","slug":"ya-esta-en-marcha-el-iii-concurso-de-belenes-navidenos","status":"publish","type":"post","link":"https:\/\/www.casariche.es\/?p=8973","title":{"rendered":"Ya est\u00e1 en marcha el III Concurso de Belenes Navide\u00f1os"},"content":{"rendered":"<p style=\"text-align: justify;\">Ya se ha abierto el plazo de inscripci\u00f3n en el III Concurso de Belenes Navide\u00f1os, organizado por el Ayuntamiento de Casariche, a trav\u00e9s de su Delegaci\u00f3n de Festejos. La fecha l\u00edmite para inscribirse en este concurso es el viernes 12 de Diciembre (incluido ese d\u00eda) en el Ayuntamiento (Despacho de Antonio Garc\u00eda y Mari Carmen Bastos de lunes a viernes de 08:00 a 15:00 horas).<\/p>\n<p style=\"text-align: justify;\"><span style=\"text-decoration: underline;\"><strong>Bases:<\/strong><\/span><\/p>\n<ul>\n<li style=\"text-align: justify;\">El Ayuntamiento de Casariche desde la Delegaci\u00f3n de Festejos organiza el III Concurso de Belenes Navide\u00f1os. Sabedor de la creatividad y entrega que muchas familias en estas fechas entra\u00f1ables, les ponen al dise\u00f1o de sus Belenes, hemos decidido fomentar ese esp\u00edritu creador, animando a los casariche\u00f1os\/as a participar en esta propuesta.<\/li>\n<li style=\"text-align: justify;\">Podr\u00e1n participar los vecinos y vecinas de Casariche, sin distinci\u00f3n de edad, ni g\u00e9nero, siendo imprescindible rellenar una INSCRIPCI\u00d3N. (Con un m\u00ednimo de 5 inscritos se realizar\u00e1 este III Concurso).<\/li>\n<li style=\"text-align: justify;\">El jurado estar\u00e1 constituido por el monitor y alumnos\/as del Curso de Belenismo y Solidaridad, celebrado en ediciones anteriores. El d\u00eda que el jurado visitar\u00e1 los Belenes que entren en el Concurso ser\u00e1 el lunes 22 de Diciembre, entre las 5 y 7 de la tarde.<\/li>\n<li style=\"text-align: justify;\">El premio al mejor Bel\u00e9n consistir\u00e1:\u00a0100 euros y un mosaico con motivo navide\u00f1o.<\/li>\n<li style=\"text-align: justify;\">La participaci\u00f3n en el Concurso da la posibilidad de que se incluya en la III Ruta de Belenes de Casariche, que se podr\u00e1 realizar entre los d\u00edas 22 y 23 de Diciembre, de 4 a 7 de la tarde. En esos d\u00edas los domicilios incluidos en la Ruta tendr\u00e1n un distintivo en sus fachadas, haciendo constar la posibilidad de visitar el Bel\u00e9n en el d\u00eda y horario establecidos.<\/li>\n<li style=\"text-align: justify;\">La fecha l\u00edmite para INSCRIBIRSE en el concurso ser\u00e1 el d\u00eda 12 de Diciembre de 2014, incluido ese mismo d\u00eda, que podr\u00e1 ser retirada en el Ayuntamiento (Despacho de Antonio Garc\u00eda y Mari Carmen Bastos) de lunes a viernes de 8 a 15:00 horas.<\/li>\n<li style=\"text-align: justify;\">La participaci\u00f3n en el concurso implica la aceptaci\u00f3n de las bases y del dictamen del jurado.<\/li>\n<\/ul>\n<p><a href=\"http:\/\/www.casariche.es\/wp-content\/uploads\/2014\/12\/belenes-bases.jpg\"><img loading=\"lazy\" decoding=\"async\" class=\"aligncenter size-full wp-image-8976\" src=\"http:\/\/www.casariche.es\/wp-content\/uploads\/2014\/12\/belenes-bases.jpg\" alt=\"belenes bases\" width=\"480\" height=\"260\" srcset=\"https:\/\/www.casariche.es\/wp-content\/uploads\/2014\/12\/belenes-bases.jpg 480w, https:\/\/www.casariche.es\/wp-content\/uploads\/2014\/12\/belenes-bases-300x162.jpg 300w\" sizes=\"auto, (max-width: 480px) 100vw, 480px\" \/><\/a><\/p>\n","protected":false},"excerpt":{"rendered":"<p>Ya se ha abierto el plazo de inscripci\u00f3n en el III Concurso de Belenes Navide\u00f1os, organizado por el Ayuntamiento de Casariche, a trav\u00e9s de su<\/p>\n","protected":false},"author":2,"featured_media":8977,"comment_status":"closed","ping_status":"open","sticky":false,"template":"","format":"standard","meta":{"footnotes":""},"categories":[7,1],"tags":[],"class_list":["post-8973","post","type-post","status-publish","format-standard","has-post-thumbnail","hentry","category-cultura","category-sin-categoria"],"_links":{"self":[{"href":"https:\/\/www.casariche.es\/index.php?rest_route=\/wp\/v2\/posts\/8973","targetHints":{"allow":["GET"]}}],"collection":[{"href":"https:\/\/www.casariche.es\/index.php?rest_route=\/wp\/v2\/posts"}],"about":[{"href":"https:\/\/www.casariche.es\/index.php?rest_route=\/wp\/v2\/types\/post"}],"author":[{"embeddable":true,"href":"https:\/\/www.casariche.es\/index.php?rest_route=\/wp\/v2\/users\/2"}],"replies":[{"embeddable":true,"href":"https:\/\/www.casariche.es\/index.php?rest_route=%2Fwp%2Fv2%2Fcomments&post=8973"}],"version-history":[{"count":4,"href":"https:\/\/www.casariche.es\/index.php?rest_route=\/wp\/v2\/posts\/8973\/revisions"}],"predecessor-version":[{"id":8993,"href":"https:\/\/www.casariche.es\/index.php?rest_route=\/wp\/v2\/posts\/8973\/revisions\/8993"}],"wp:featuredmedia":[{"embeddable":true,"href":"https:\/\/www.casariche.es\/index.php?rest_route=\/wp\/v2\/media\/8977"}],"wp:attachment":[{"href":"https:\/\/www.casariche.es\/index.php?rest_route=%2Fwp%2Fv2%2Fmedia&parent=8973"}],"wp:term":[{"taxonomy":"category","embeddable":true,"href":"https:\/\/www.casariche.es\/index.php?rest_route=%2Fwp%2Fv2%2Fcategories&post=8973"},{"taxonomy":"post_tag","embeddable":true,"href":"https:\/\/www.casariche.es\/index.php?rest_route=%2Fwp%2Fv2%2Ftags&post=8973"}],"curies":[{"name":"wp","href":"https:\/\/api.w.org\/{rel}","templated":true}]}}