{"id":85653,"date":"2026-09-01T12:00:20","date_gmt":"2026-09-01T10:00:20","guid":{"rendered":"https:\/\/www.casariche.es\/?p=85653"},"modified":"2026-09-01T12:44:50","modified_gmt":"2026-09-01T10:44:50","slug":"la-asociacion-cultural-musical-maestro-vitito-llena-de-musica-y-publico-la-plaza-alcalde-jose-ramon-barrado-cano-con-su-tradicional-concierto-de-verano","status":"publish","type":"post","link":"https:\/\/www.casariche.es\/?p=85653","title":{"rendered":"La Asociaci\u00f3n Cultural Musical Maestro Vitito llena de m\u00fasica y p\u00fablico la Plaza Alcalde Jos\u00e9 Ram\u00f3n Parrado Cano con su tradicional concierto de verano"},"content":{"rendered":"<p style=\"text-align: justify;\">La Plaza Alcalde Jos\u00e9 Ram\u00f3n Parrado Cano acogi\u00f3 el pasado viernes, 28 de agosto, el <strong>tradicional Concierto de Verano de la Asociaci\u00f3n Cultural Musical Maestro Vitito,<\/strong> una de las citas ya consolidadas dentro de la programaci\u00f3n cultural de verano en nuestra localidad.<\/p>\n<p style=\"text-align: justify;\">En esta ocasi\u00f3n, la formaci\u00f3n musical ofreci\u00f3 un repertorio dedicado a los pasodobles, haciendo disfrutar al numeroso p\u00fablico que se congreg\u00f3 en la plaza para acompa\u00f1ar a la asociaci\u00f3n en una noche de m\u00fasica, cultura y convivencia.<\/p>\n<p style=\"text-align: justify;\">Desde el Ayuntamiento de Casariche queremos trasladar nuestra enhorabuena y felicitaci\u00f3n a la Asociaci\u00f3n Cultural Musical Maestro Vitito por el magn\u00edfico concierto ofrecido, as\u00ed como agradecer su compromiso y dedicaci\u00f3n con la m\u00fasica y la cultura de nuestro municipio.<\/p>\n<p style=\"text-align: justify;\">Cabe destacar que este concierto se suma a las diferentes actividades que forman parte de la programaci\u00f3n cultural de verano de nuestro Ayuntamiento<\/p>\n<p><img loading=\"lazy\" decoding=\"async\" class=\"alignnone size-full wp-image-85654\" src=\"http:\/\/www.casariche.es\/wp-content\/uploads\/2026\/09\/WhatsApp-Image-2026-09-01-at-08.03.15-2.jpeg\" alt=\"\" width=\"1600\" height=\"1204\" srcset=\"https:\/\/www.casariche.es\/wp-content\/uploads\/2026\/09\/WhatsApp-Image-2026-09-01-at-08.03.15-2.jpeg 1600w, https:\/\/www.casariche.es\/wp-content\/uploads\/2026\/09\/WhatsApp-Image-2026-09-01-at-08.03.15-2-300x226.jpeg 300w, https:\/\/www.casariche.es\/wp-content\/uploads\/2026\/09\/WhatsApp-Image-2026-09-01-at-08.03.15-2-1024x771.jpeg 1024w, https:\/\/www.casariche.es\/wp-content\/uploads\/2026\/09\/WhatsApp-Image-2026-09-01-at-08.03.15-2-768x578.jpeg 768w, https:\/\/www.casariche.es\/wp-content\/uploads\/2026\/09\/WhatsApp-Image-2026-09-01-at-08.03.15-2-1536x1156.jpeg 1536w, https:\/\/www.casariche.es\/wp-content\/uploads\/2026\/09\/WhatsApp-Image-2026-09-01-at-08.03.15-2-100x75.jpeg 100w\" sizes=\"auto, (max-width: 1600px) 100vw, 1600px\" \/><\/p>\n","protected":false},"excerpt":{"rendered":"<p>La Plaza Alcalde Jos\u00e9 Ram\u00f3n Parrado Cano acogi\u00f3 el pasado viernes, 28 de agosto, el tradicional Concierto de Verano de la Asociaci\u00f3n Cultural Musical Maestro<\/p>\n","protected":false},"author":2,"featured_media":85654,"comment_status":"closed","ping_status":"closed","sticky":false,"template":"","format":"standard","meta":{"footnotes":""},"categories":[1],"tags":[],"class_list":["post-85653","post","type-post","status-publish","format-standard","has-post-thumbnail","hentry","category-sin-categoria"],"_links":{"self":[{"href":"https:\/\/www.casariche.es\/index.php?rest_route=\/wp\/v2\/posts\/85653","targetHints":{"allow":["GET"]}}],"collection":[{"href":"https:\/\/www.casariche.es\/index.php?rest_route=\/wp\/v2\/posts"}],"about":[{"href":"https:\/\/www.casariche.es\/index.php?rest_route=\/wp\/v2\/types\/post"}],"author":[{"embeddable":true,"href":"https:\/\/www.casariche.es\/index.php?rest_route=\/wp\/v2\/users\/2"}],"replies":[{"embeddable":true,"href":"https:\/\/www.casariche.es\/index.php?rest_route=%2Fwp%2Fv2%2Fcomments&post=85653"}],"version-history":[{"count":3,"href":"https:\/\/www.casariche.es\/index.php?rest_route=\/wp\/v2\/posts\/85653\/revisions"}],"predecessor-version":[{"id":85662,"href":"https:\/\/www.casariche.es\/index.php?rest_route=\/wp\/v2\/posts\/85653\/revisions\/85662"}],"wp:featuredmedia":[{"embeddable":true,"href":"https:\/\/www.casariche.es\/index.php?rest_route=\/wp\/v2\/media\/85654"}],"wp:attachment":[{"href":"https:\/\/www.casariche.es\/index.php?rest_route=%2Fwp%2Fv2%2Fmedia&parent=85653"}],"wp:term":[{"taxonomy":"category","embeddable":true,"href":"https:\/\/www.casariche.es\/index.php?rest_route=%2Fwp%2Fv2%2Fcategories&post=85653"},{"taxonomy":"post_tag","embeddable":true,"href":"https:\/\/www.casariche.es\/index.php?rest_route=%2Fwp%2Fv2%2Ftags&post=85653"}],"curies":[{"name":"wp","href":"https:\/\/api.w.org\/{rel}","templated":true}]}}