{"id":85646,"date":"2026-08-31T12:30:55","date_gmt":"2026-08-31T10:30:55","guid":{"rendered":"https:\/\/www.casariche.es\/?p=85646"},"modified":"2026-08-31T12:30:47","modified_gmt":"2026-08-31T10:30:47","slug":"llega-una-nueva-edicion-del-taller-de-fisioterapia-dirigido-a-personas-mayores","status":"publish","type":"post","link":"https:\/\/www.casariche.es\/?p=85646","title":{"rendered":"Llega una nueva edici\u00f3n del Taller de Fisioterapia dirigido a personas mayores"},"content":{"rendered":"<p class=\"PDq2pG_selectionAnchorContainer\" style=\"text-align: justify;\" data-start=\"101\" data-end=\"408\">El Ayuntamiento de Casariche, dentro de su <strong data-start=\"144\" data-end=\"181\">Programa de Envejecimiento Activo<\/strong>, pone en marcha el <strong data-start=\"201\" data-end=\"255\">Taller de Fisioterapia dirigido a personas mayores<\/strong>, una actividad pensada para favorecer el bienestar f\u00edsico, mantener la movilidad y fomentar h\u00e1bitos saludables a trav\u00e9s del ejercicio y la fisioterapia.<\/p>\n<p style=\"text-align: justify;\" data-start=\"410\" data-end=\"662\">El taller dar\u00e1 comienzo el <strong data-start=\"437\" data-end=\"465\">18 de septiembre de 2026<\/strong> y se desarrollar\u00e1 hasta <strong data-start=\"490\" data-end=\"514\">finales de diciembre<\/strong>, en la <strong data-start=\"522\" data-end=\"576\">Sala de Usos M\u00faltiples del Polideportivo Municipal<\/strong>.<\/p>\n<p class=\"PDq2pG_selectionAnchorContainer\" style=\"text-align: justify;\" data-start=\"664\" data-end=\"787\">La actividad contar\u00e1 con <strong data-start=\"689\" data-end=\"704\">tres grupos<\/strong>, que realizar\u00e1n las sesiones los <strong data-start=\"738\" data-end=\"758\">martes y viernes<\/strong>, en los siguientes horarios:<\/p>\n<ul style=\"text-align: justify;\" data-start=\"789\" data-end=\"904\">\n<li data-section-id=\"dp55xp\" data-start=\"789\" data-end=\"826\"><strong data-start=\"791\" data-end=\"803\">Grupo 1:<\/strong> de 9:30 a 10:30 horas.<\/li>\n<li data-section-id=\"1pnajfb\" data-start=\"827\" data-end=\"865\"><strong data-start=\"829\" data-end=\"841\">Grupo 2:<\/strong> de 10:30 a 11:30 horas.<\/li>\n<li data-section-id=\"1xii69g\" data-start=\"866\" data-end=\"904\"><strong data-start=\"868\" data-end=\"880\">Grupo 3:<\/strong> de 11:30 a 12:30 horas.<\/li>\n<\/ul>\n<p style=\"text-align: justify;\" data-start=\"906\" data-end=\"1022\">Todas las personas interesadas en dicho taller podr\u00e1n inscribirse <strong>del 2<\/strong> <strong data-start=\"1082\" data-end=\"1119\">al 11 de septiembre de 2026<\/strong>, de forma <strong data-start=\"1130\" data-end=\"1190\">presencial en la Oficina de Informaci\u00f3n del Ayuntamiento<\/strong>, preguntando por <strong data-start=\"1208\" data-end=\"1217\">Mar\u00eda<\/strong>. La inscripci\u00f3n tiene una <strong data-start=\"1245\" data-end=\"1272\">cuota \u00fanica de 30 euros<\/strong>, que deber\u00e1 abonarse <strong data-start=\"1294\" data-end=\"1309\">con tarjeta<\/strong>.<\/p>\n<p data-start=\"906\" data-end=\"1022\">Importante: Las personas participantes deber\u00e1n acudir con <strong data-start=\"952\" data-end=\"983\">ropa c\u00f3moda y una esterilla<\/strong> para la realizaci\u00f3n de los ejercicios.<\/p>\n<div class=\"flex max-w-full flex-col gap-4 grow\">\n<div class=\"min-h-8 text-message relative flex w-full flex-col items-end gap-2 text-start break-words whitespace-normal outline-none keyboard-focused:focus-ring [.text-message+&amp;]:mt-1\" dir=\"auto\" data-message-author-role=\"assistant\" data-message-id=\"e18a84c4-37d7-4957-8027-796ad4bbff8d\" data-message-model-slug=\"gpt-5-6\">\n<div class=\"flex w-full flex-col gap-1 empty:hidden\">\n<div class=\"markdown prose dark:prose-invert wrap-break-word w-full light markdown-new-styling\">\n<p class=\"PDq2pG_selectionAnchorContainer\" data-start=\"1579\" data-end=\"1610\" data-is-last-node=\"\" data-is-only-node=\"\">\u00a1No te quedes sin tu plaza!<\/p>\n<p data-start=\"1579\" data-end=\"1610\" data-is-last-node=\"\" data-is-only-node=\"\"><img loading=\"lazy\" decoding=\"async\" class=\"alignnone size-full wp-image-85647\" src=\"http:\/\/www.casariche.es\/wp-content\/uploads\/2026\/08\/CARTEL-FISIOTERAPIA-2026_page-0001-scaled.jpg\" alt=\"\" width=\"1810\" height=\"2560\" srcset=\"https:\/\/www.casariche.es\/wp-content\/uploads\/2026\/08\/CARTEL-FISIOTERAPIA-2026_page-0001-scaled.jpg 1810w, https:\/\/www.casariche.es\/wp-content\/uploads\/2026\/08\/CARTEL-FISIOTERAPIA-2026_page-0001-212x300.jpg 212w, https:\/\/www.casariche.es\/wp-content\/uploads\/2026\/08\/CARTEL-FISIOTERAPIA-2026_page-0001-724x1024.jpg 724w, https:\/\/www.casariche.es\/wp-content\/uploads\/2026\/08\/CARTEL-FISIOTERAPIA-2026_page-0001-768x1086.jpg 768w, https:\/\/www.casariche.es\/wp-content\/uploads\/2026\/08\/CARTEL-FISIOTERAPIA-2026_page-0001-1086x1536.jpg 1086w, https:\/\/www.casariche.es\/wp-content\/uploads\/2026\/08\/CARTEL-FISIOTERAPIA-2026_page-0001-1448x2048.jpg 1448w\" sizes=\"auto, (max-width: 1810px) 100vw, 1810px\" \/><\/p>\n<\/div>\n<\/div>\n<\/div>\n<\/div>\n<div class=\"z-0 flex min-h-[46px] justify-start\"><\/div>\n<div class=\"pointer-events-none -mb-px h-px w-full opacity-0\" aria-hidden=\"true\"><\/div>\n","protected":false},"excerpt":{"rendered":"<p>El Ayuntamiento de Casariche, dentro de su Programa de Envejecimiento Activo, pone en marcha el Taller de Fisioterapia dirigido a personas mayores, una actividad pensada<\/p>\n","protected":false},"author":2,"featured_media":85647,"comment_status":"closed","ping_status":"closed","sticky":false,"template":"","format":"standard","meta":{"footnotes":""},"categories":[1],"tags":[],"class_list":["post-85646","post","type-post","status-publish","format-standard","has-post-thumbnail","hentry","category-sin-categoria"],"_links":{"self":[{"href":"https:\/\/www.casariche.es\/index.php?rest_route=\/wp\/v2\/posts\/85646","targetHints":{"allow":["GET"]}}],"collection":[{"href":"https:\/\/www.casariche.es\/index.php?rest_route=\/wp\/v2\/posts"}],"about":[{"href":"https:\/\/www.casariche.es\/index.php?rest_route=\/wp\/v2\/types\/post"}],"author":[{"embeddable":true,"href":"https:\/\/www.casariche.es\/index.php?rest_route=\/wp\/v2\/users\/2"}],"replies":[{"embeddable":true,"href":"https:\/\/www.casariche.es\/index.php?rest_route=%2Fwp%2Fv2%2Fcomments&post=85646"}],"version-history":[{"count":1,"href":"https:\/\/www.casariche.es\/index.php?rest_route=\/wp\/v2\/posts\/85646\/revisions"}],"predecessor-version":[{"id":85648,"href":"https:\/\/www.casariche.es\/index.php?rest_route=\/wp\/v2\/posts\/85646\/revisions\/85648"}],"wp:featuredmedia":[{"embeddable":true,"href":"https:\/\/www.casariche.es\/index.php?rest_route=\/wp\/v2\/media\/85647"}],"wp:attachment":[{"href":"https:\/\/www.casariche.es\/index.php?rest_route=%2Fwp%2Fv2%2Fmedia&parent=85646"}],"wp:term":[{"taxonomy":"category","embeddable":true,"href":"https:\/\/www.casariche.es\/index.php?rest_route=%2Fwp%2Fv2%2Fcategories&post=85646"},{"taxonomy":"post_tag","embeddable":true,"href":"https:\/\/www.casariche.es\/index.php?rest_route=%2Fwp%2Fv2%2Ftags&post=85646"}],"curies":[{"name":"wp","href":"https:\/\/api.w.org\/{rel}","templated":true}]}}