{"id":82788,"date":"2026-04-28T09:00:24","date_gmt":"2026-04-28T07:00:24","guid":{"rendered":"https:\/\/www.casariche.es\/?p=82788"},"modified":"2026-04-28T09:03:56","modified_gmt":"2026-04-28T07:03:56","slug":"abierto-el-xxxviii-concurso-del-cartel-anunciador-de-la-feria-de-santiago-2026","status":"publish","type":"post","link":"https:\/\/www.casariche.es\/?p=82788","title":{"rendered":"Abierto el XXXVIII Concurso del cartel anunciador de la Feria de Santiago 2026"},"content":{"rendered":"<header class=\"entry-header\">\n<p style=\"text-align: justify;\" data-start=\"94\" data-end=\"289\">Desde las Delegaci\u00f3n de Fiestas y Tradiciones, seguimos avanzando en los preparativos de la pr\u00f3xima Feria de Santiago 2026 y<strong> hoy damos a conocer las Bases del Cartel anunciador de las fiestas en honor a Santiago 2026<\/strong>, una de las citas m\u00e1s importantes y queridas de nuestro pueblo.<\/p>\n<p style=\"text-align: justify;\" data-start=\"374\" data-end=\"569\">El plazo para presentar las obras estar\u00e1 abierto hasta el <strong data-start=\"432\" data-end=\"472\">4 de junio de 2026 a las 15:00 horas<\/strong>, que deber\u00e1n entregarse en la oficina de informaci\u00f3n del Ayuntamiento mediante registro de entrada.<\/p>\n<p style=\"text-align: justify;\" data-start=\"571\" data-end=\"920\">Como novedad este a\u00f1o, se incorpora el <strong data-start=\"610\" data-end=\"632\">Premio del P\u00fablico<\/strong>, para que todos los vecinos\/as que as\u00ed lo deseen puedan participaren en el proceso de elecci\u00f3n. Las votaciones se realizar\u00e1n del <strong data-start=\"739\" data-end=\"759\">8 al 11 de junio<\/strong> a trav\u00e9s de la app <em data-start=\"779\" data-end=\"797\">Casariche al D\u00eda<\/em>, que ser\u00e1 necesario tener descargada en el m\u00f3vil para poder votar.<strong> El cartel m\u00e1s votado ser\u00e1 el ganador de esta categor\u00eda.<\/strong><\/p>\n<p style=\"text-align: justify;\" data-start=\"1121\" data-end=\"1420\" data-is-last-node=\"\" data-is-only-node=\"\">Desde la Delegaci\u00f3n de Fiestas y Tradiciones animamos a todos los vecinos y vecinas que as\u00ed lo deseen a participar.<\/p>\n<p data-start=\"1121\" data-end=\"1420\" data-is-last-node=\"\" data-is-only-node=\"\"><img loading=\"lazy\" decoding=\"async\" class=\"alignnone size-full wp-image-82858\" src=\"http:\/\/www.casariche.es\/wp-content\/uploads\/2026\/04\/BASES-FERIA-2026-im\u251cigenes-0-scaled.jpg\" alt=\"\" width=\"2560\" height=\"1810\" srcset=\"https:\/\/www.casariche.es\/wp-content\/uploads\/2026\/04\/BASES-FERIA-2026-im\u251cigenes-0-scaled.jpg 2560w, https:\/\/www.casariche.es\/wp-content\/uploads\/2026\/04\/BASES-FERIA-2026-im\u251cigenes-0-300x212.jpg 300w, https:\/\/www.casariche.es\/wp-content\/uploads\/2026\/04\/BASES-FERIA-2026-im\u251cigenes-0-1024x724.jpg 1024w, https:\/\/www.casariche.es\/wp-content\/uploads\/2026\/04\/BASES-FERIA-2026-im\u251cigenes-0-768x543.jpg 768w, https:\/\/www.casariche.es\/wp-content\/uploads\/2026\/04\/BASES-FERIA-2026-im\u251cigenes-0-1536x1086.jpg 1536w, https:\/\/www.casariche.es\/wp-content\/uploads\/2026\/04\/BASES-FERIA-2026-im\u251cigenes-0-2048x1448.jpg 2048w\" sizes=\"auto, (max-width: 2560px) 100vw, 2560px\" \/> <img loading=\"lazy\" decoding=\"async\" class=\"alignnone size-full wp-image-82859\" src=\"http:\/\/www.casariche.es\/wp-content\/uploads\/2026\/04\/BASES-FERIA-2026-im\u251cigenes-1-scaled.jpg\" alt=\"\" width=\"2560\" height=\"1810\" srcset=\"https:\/\/www.casariche.es\/wp-content\/uploads\/2026\/04\/BASES-FERIA-2026-im\u251cigenes-1-scaled.jpg 2560w, https:\/\/www.casariche.es\/wp-content\/uploads\/2026\/04\/BASES-FERIA-2026-im\u251cigenes-1-300x212.jpg 300w, https:\/\/www.casariche.es\/wp-content\/uploads\/2026\/04\/BASES-FERIA-2026-im\u251cigenes-1-1024x724.jpg 1024w, https:\/\/www.casariche.es\/wp-content\/uploads\/2026\/04\/BASES-FERIA-2026-im\u251cigenes-1-768x543.jpg 768w, https:\/\/www.casariche.es\/wp-content\/uploads\/2026\/04\/BASES-FERIA-2026-im\u251cigenes-1-1536x1086.jpg 1536w, https:\/\/www.casariche.es\/wp-content\/uploads\/2026\/04\/BASES-FERIA-2026-im\u251cigenes-1-2048x1448.jpg 2048w\" sizes=\"auto, (max-width: 2560px) 100vw, 2560px\" \/><\/p>\n<\/header>\n","protected":false},"excerpt":{"rendered":"<p>Desde las Delegaci\u00f3n de Fiestas y Tradiciones, seguimos avanzando en los preparativos de la pr\u00f3xima Feria de Santiago 2026 y hoy damos a conocer las<\/p>\n","protected":false},"author":2,"featured_media":82858,"comment_status":"closed","ping_status":"closed","sticky":false,"template":"","format":"standard","meta":{"footnotes":""},"categories":[1],"tags":[],"class_list":["post-82788","post","type-post","status-publish","format-standard","has-post-thumbnail","hentry","category-sin-categoria"],"_links":{"self":[{"href":"https:\/\/www.casariche.es\/index.php?rest_route=\/wp\/v2\/posts\/82788","targetHints":{"allow":["GET"]}}],"collection":[{"href":"https:\/\/www.casariche.es\/index.php?rest_route=\/wp\/v2\/posts"}],"about":[{"href":"https:\/\/www.casariche.es\/index.php?rest_route=\/wp\/v2\/types\/post"}],"author":[{"embeddable":true,"href":"https:\/\/www.casariche.es\/index.php?rest_route=\/wp\/v2\/users\/2"}],"replies":[{"embeddable":true,"href":"https:\/\/www.casariche.es\/index.php?rest_route=%2Fwp%2Fv2%2Fcomments&post=82788"}],"version-history":[{"count":9,"href":"https:\/\/www.casariche.es\/index.php?rest_route=\/wp\/v2\/posts\/82788\/revisions"}],"predecessor-version":[{"id":82861,"href":"https:\/\/www.casariche.es\/index.php?rest_route=\/wp\/v2\/posts\/82788\/revisions\/82861"}],"wp:featuredmedia":[{"embeddable":true,"href":"https:\/\/www.casariche.es\/index.php?rest_route=\/wp\/v2\/media\/82858"}],"wp:attachment":[{"href":"https:\/\/www.casariche.es\/index.php?rest_route=%2Fwp%2Fv2%2Fmedia&parent=82788"}],"wp:term":[{"taxonomy":"category","embeddable":true,"href":"https:\/\/www.casariche.es\/index.php?rest_route=%2Fwp%2Fv2%2Fcategories&post=82788"},{"taxonomy":"post_tag","embeddable":true,"href":"https:\/\/www.casariche.es\/index.php?rest_route=%2Fwp%2Fv2%2Ftags&post=82788"}],"curies":[{"name":"wp","href":"https:\/\/api.w.org\/{rel}","templated":true}]}}