{"id":82221,"date":"2026-04-06T14:00:55","date_gmt":"2026-04-06T12:00:55","guid":{"rendered":"https:\/\/www.casariche.es\/?p=82221"},"modified":"2026-04-06T14:11:02","modified_gmt":"2026-04-06T12:11:02","slug":"convocada-una-nueva-movilizacion-en-defensa-de-la-sanidad-publica-este-domingo-12-de-abril","status":"publish","type":"post","link":"https:\/\/www.casariche.es\/?p=82221","title":{"rendered":"Convocada una nueva movilizaci\u00f3n en defensa de la sanidad p\u00fablica este domingo 12 de abril"},"content":{"rendered":"<div class=\"flex flex-col text-sm pb-25\">\n<section class=\"text-token-text-primary w-full focus:outline-none [--shadow-height:45px] has-data-writing-block:pointer-events-none has-data-writing-block:-mt-(--shadow-height) has-data-writing-block:pt-(--shadow-height) [&amp;:has([data-writing-block])&gt;*]:pointer-events-auto scroll-mt-[calc(var(--header-height)+min(200px,max(70px,20svh)))]\" dir=\"auto\" data-turn-id=\"request-WEB:f130e642-646c-4777-8686-5d52ea0c7eba-2\" data-testid=\"conversation-turn-6\" data-scroll-anchor=\"true\" data-turn=\"assistant\">\n<div class=\"text-base my-auto mx-auto pb-10 [--thread-content-margin:var(--thread-content-margin-xs,calc(var(--spacing)*4))] @w-sm\/main:[--thread-content-margin:var(--thread-content-margin-sm,calc(var(--spacing)*6))] @w-lg\/main:[--thread-content-margin:var(--thread-content-margin-lg,calc(var(--spacing)*16))] px-(--thread-content-margin)\">\n<div class=\"[--thread-content-max-width:40rem] @w-lg\/main:[--thread-content-max-width:48rem] mx-auto max-w-(--thread-content-max-width) flex-1 group\/turn-messages focus-visible:outline-hidden relative flex w-full min-w-0 flex-col agent-turn\">\n<div class=\"flex max-w-full flex-col gap-4 grow\">\n<div class=\"min-h-8 text-message relative flex w-full flex-col items-end gap-2 text-start break-words whitespace-normal outline-none keyboard-focused:focus-ring [.text-message+&amp;]:mt-1\" dir=\"auto\" tabindex=\"0\" data-message-author-role=\"assistant\" data-message-id=\"7bcc5422-4893-4d39-a331-e82fa97e4a7c\" data-message-model-slug=\"gpt-5-3\" data-turn-start-message=\"true\">\n<div class=\"flex w-full flex-col gap-1 empty:hidden\">\n<div class=\"markdown prose dark:prose-invert w-full wrap-break-word light markdown-new-styling\">\n<p style=\"text-align: justify;\" data-start=\"106\" data-end=\"467\">Desde el Ayuntamiento, junto a Marea Blanca Casariche, informamos sobre la <strong>convocatoria de manifestaciones en defensa de la sanidad p\u00fablica andaluza, promovidas por la Coordinadora Andaluza de Mareas Blancas el pr\u00f3ximo domingo 12 de abril de forma simult\u00e1nea en las ocho capitales andaluzas.\u00a0<\/strong><\/p>\n<p style=\"text-align: justify;\" data-start=\"469\" data-end=\"942\">Esta convocatoria es una <strong>nueva acci\u00f3n de protesta<\/strong> frente al deterioro progresivo que viene experimentando el sistema sanitario p\u00fablico andaluz en los \u00faltimos a\u00f1os, as\u00ed como al avance de procesos de privatizaci\u00f3n de servicios. En este contexto, y ante la proximidad de las elecciones auton\u00f3micas, se considera fundamental que la ciudadan\u00eda muestre su respaldo a un modelo sanitario p\u00fablico, universal y de calidad, as\u00ed como a pol\u00edticas que garanticen su fortalecimiento.<\/p>\n<p style=\"text-align: justify;\" data-start=\"944\" data-end=\"1318\"><strong>En Sevilla, la manifestaci\u00f3n partir\u00e1 a las 12:00h, desde San Bernardo a San Telmo<\/strong>. Para facilitar la asistencia, <strong>Marea Blanca Casariche est\u00e1 coordinando un servicio de autob\u00fas, con un coste de 8\u20ac por persona.<\/strong> Su salida est\u00e1 prevista para el<strong> domingo 12 a las 09:30 horas desde el Parque de Las Trece Rosas<\/strong>, situado en la calle Juli\u00e1n Besteiro.<\/p>\n<p data-start=\"944\" data-end=\"1318\"><strong>Puedes apuntarte hasta el pr\u00f3ximo viernes en la Oficina de Informaci\u00f3n de nuestro Ayuntamiento\u00a0<\/strong><\/p>\n<p style=\"text-align: justify;\" data-start=\"1320\" data-end=\"1536\">\u00a1Os esperamos en esta importante cita en la defensa de la sanidad p\u00fablica!<\/p>\n<p data-start=\"1320\" data-end=\"1536\"><img loading=\"lazy\" decoding=\"async\" class=\"alignnone size-full wp-image-82260\" src=\"http:\/\/www.casariche.es\/wp-content\/uploads\/2026\/04\/ok-manifestacion-marea-blanca-casariche-12-abril.jpg\" alt=\"\" width=\"1079\" height=\"1456\" srcset=\"https:\/\/www.casariche.es\/wp-content\/uploads\/2026\/04\/ok-manifestacion-marea-blanca-casariche-12-abril.jpg 1079w, https:\/\/www.casariche.es\/wp-content\/uploads\/2026\/04\/ok-manifestacion-marea-blanca-casariche-12-abril-222x300.jpg 222w, https:\/\/www.casariche.es\/wp-content\/uploads\/2026\/04\/ok-manifestacion-marea-blanca-casariche-12-abril-759x1024.jpg 759w, https:\/\/www.casariche.es\/wp-content\/uploads\/2026\/04\/ok-manifestacion-marea-blanca-casariche-12-abril-768x1036.jpg 768w\" sizes=\"auto, (max-width: 1079px) 100vw, 1079px\" \/><\/p>\n<p data-start=\"1320\" data-end=\"1536\">\n<\/div>\n<\/div>\n<\/div>\n<\/div>\n<div class=\"z-0 flex min-h-[46px] justify-start\" style=\"text-align: justify;\"><\/div>\n<div class=\"mt-3 w-full empty:hidden\">\n<div class=\"text-center\"><\/div>\n<\/div>\n<\/div>\n<\/div>\n<\/section>\n<\/div>\n<div class=\"pointer-events-none h-px w-px absolute bottom-0\" aria-hidden=\"true\" data-edge=\"true\"><\/div>\n","protected":false},"excerpt":{"rendered":"<p>Desde el Ayuntamiento, junto a Marea Blanca Casariche, informamos sobre la convocatoria de manifestaciones en defensa de la sanidad p\u00fablica andaluza, promovidas por la Coordinadora<\/p>\n","protected":false},"author":2,"featured_media":82260,"comment_status":"closed","ping_status":"closed","sticky":false,"template":"","format":"standard","meta":{"footnotes":""},"categories":[1],"tags":[],"class_list":["post-82221","post","type-post","status-publish","format-standard","has-post-thumbnail","hentry","category-sin-categoria"],"_links":{"self":[{"href":"https:\/\/www.casariche.es\/index.php?rest_route=\/wp\/v2\/posts\/82221","targetHints":{"allow":["GET"]}}],"collection":[{"href":"https:\/\/www.casariche.es\/index.php?rest_route=\/wp\/v2\/posts"}],"about":[{"href":"https:\/\/www.casariche.es\/index.php?rest_route=\/wp\/v2\/types\/post"}],"author":[{"embeddable":true,"href":"https:\/\/www.casariche.es\/index.php?rest_route=\/wp\/v2\/users\/2"}],"replies":[{"embeddable":true,"href":"https:\/\/www.casariche.es\/index.php?rest_route=%2Fwp%2Fv2%2Fcomments&post=82221"}],"version-history":[{"count":4,"href":"https:\/\/www.casariche.es\/index.php?rest_route=\/wp\/v2\/posts\/82221\/revisions"}],"predecessor-version":[{"id":82262,"href":"https:\/\/www.casariche.es\/index.php?rest_route=\/wp\/v2\/posts\/82221\/revisions\/82262"}],"wp:featuredmedia":[{"embeddable":true,"href":"https:\/\/www.casariche.es\/index.php?rest_route=\/wp\/v2\/media\/82260"}],"wp:attachment":[{"href":"https:\/\/www.casariche.es\/index.php?rest_route=%2Fwp%2Fv2%2Fmedia&parent=82221"}],"wp:term":[{"taxonomy":"category","embeddable":true,"href":"https:\/\/www.casariche.es\/index.php?rest_route=%2Fwp%2Fv2%2Fcategories&post=82221"},{"taxonomy":"post_tag","embeddable":true,"href":"https:\/\/www.casariche.es\/index.php?rest_route=%2Fwp%2Fv2%2Ftags&post=82221"}],"curies":[{"name":"wp","href":"https:\/\/api.w.org\/{rel}","templated":true}]}}