{"id":82187,"date":"2026-03-31T09:00:23","date_gmt":"2026-03-31T07:00:23","guid":{"rendered":"https:\/\/www.casariche.es\/?p=82187"},"modified":"2026-03-31T09:02:06","modified_gmt":"2026-03-31T07:02:06","slug":"el-punto-vuela-guadalinfo-permanecera-cerrado-hasta-el-martes-7-de-abril","status":"publish","type":"post","link":"https:\/\/www.casariche.es\/?p=82187","title":{"rendered":"El Punto Vuela Guadalinfo permanecer\u00e1 cerrado hasta el martes 7 de abril"},"content":{"rendered":"<p style=\"text-align: justify;\" data-start=\"147\" data-end=\"360\">El Ayuntamiento de Casariche informa a todos los vecinos\/as de la localidad que, con motivo de la celebraci\u00f3n de la Semana Santa, <strong>el Punto Vuela Guadalinfo permanecer\u00e1 cerrado varios d\u00edas.<\/strong><\/p>\n<p style=\"text-align: justify;\" data-start=\"362\" data-end=\"547\">En concreto, <strong>el centro estar\u00e1 cerrado al p\u00fablico desde hoy, martes 31 de marzo hasta el pr\u00f3ximo lunes 6 de abril, inclusive, retomando su actividad habitual tras estas fechas el martes, 7 de abril.\u00a0<\/strong><\/p>\n<p style=\"text-align: justify;\" data-start=\"549\" data-end=\"806\">Muchas gracias y disculpen las molestias<\/p>\n<p style=\"text-align: justify;\" data-start=\"808\" data-end=\"970\" data-is-last-node=\"\" data-is-only-node=\"\"><img loading=\"lazy\" decoding=\"async\" class=\"alignnone size-full wp-image-82188\" src=\"http:\/\/www.casariche.es\/wp-content\/uploads\/2026\/03\/WhatsApp-Image-2026-03-30-at-14.01.37.jpeg\" alt=\"\" width=\"1600\" height=\"1131\" srcset=\"https:\/\/www.casariche.es\/wp-content\/uploads\/2026\/03\/WhatsApp-Image-2026-03-30-at-14.01.37.jpeg 1600w, https:\/\/www.casariche.es\/wp-content\/uploads\/2026\/03\/WhatsApp-Image-2026-03-30-at-14.01.37-300x212.jpeg 300w, https:\/\/www.casariche.es\/wp-content\/uploads\/2026\/03\/WhatsApp-Image-2026-03-30-at-14.01.37-1024x724.jpeg 1024w, https:\/\/www.casariche.es\/wp-content\/uploads\/2026\/03\/WhatsApp-Image-2026-03-30-at-14.01.37-768x543.jpeg 768w, https:\/\/www.casariche.es\/wp-content\/uploads\/2026\/03\/WhatsApp-Image-2026-03-30-at-14.01.37-1536x1086.jpeg 1536w\" sizes=\"auto, (max-width: 1600px) 100vw, 1600px\" \/><\/p>\n","protected":false},"excerpt":{"rendered":"<p>El Ayuntamiento de Casariche informa a todos los vecinos\/as de la localidad que, con motivo de la celebraci\u00f3n de la Semana Santa, el Punto Vuela<\/p>\n","protected":false},"author":2,"featured_media":82188,"comment_status":"closed","ping_status":"closed","sticky":false,"template":"","format":"standard","meta":{"footnotes":""},"categories":[1],"tags":[],"class_list":["post-82187","post","type-post","status-publish","format-standard","has-post-thumbnail","hentry","category-sin-categoria"],"_links":{"self":[{"href":"https:\/\/www.casariche.es\/index.php?rest_route=\/wp\/v2\/posts\/82187","targetHints":{"allow":["GET"]}}],"collection":[{"href":"https:\/\/www.casariche.es\/index.php?rest_route=\/wp\/v2\/posts"}],"about":[{"href":"https:\/\/www.casariche.es\/index.php?rest_route=\/wp\/v2\/types\/post"}],"author":[{"embeddable":true,"href":"https:\/\/www.casariche.es\/index.php?rest_route=\/wp\/v2\/users\/2"}],"replies":[{"embeddable":true,"href":"https:\/\/www.casariche.es\/index.php?rest_route=%2Fwp%2Fv2%2Fcomments&post=82187"}],"version-history":[{"count":1,"href":"https:\/\/www.casariche.es\/index.php?rest_route=\/wp\/v2\/posts\/82187\/revisions"}],"predecessor-version":[{"id":82189,"href":"https:\/\/www.casariche.es\/index.php?rest_route=\/wp\/v2\/posts\/82187\/revisions\/82189"}],"wp:featuredmedia":[{"embeddable":true,"href":"https:\/\/www.casariche.es\/index.php?rest_route=\/wp\/v2\/media\/82188"}],"wp:attachment":[{"href":"https:\/\/www.casariche.es\/index.php?rest_route=%2Fwp%2Fv2%2Fmedia&parent=82187"}],"wp:term":[{"taxonomy":"category","embeddable":true,"href":"https:\/\/www.casariche.es\/index.php?rest_route=%2Fwp%2Fv2%2Fcategories&post=82187"},{"taxonomy":"post_tag","embeddable":true,"href":"https:\/\/www.casariche.es\/index.php?rest_route=%2Fwp%2Fv2%2Ftags&post=82187"}],"curies":[{"name":"wp","href":"https:\/\/api.w.org\/{rel}","templated":true}]}}