{"id":819,"date":"2012-10-11T08:17:27","date_gmt":"2012-10-11T05:47:27","guid":{"rendered":"http:\/\/www.casariche.es\/?p=819"},"modified":"2012-10-11T08:17:45","modified_gmt":"2012-10-11T05:47:45","slug":"impartida-a-los-mayores-casarichenos-una-jornada-de-prevencion-contra-robos","status":"publish","type":"post","link":"https:\/\/www.casariche.es\/?p=819","title":{"rendered":"Impartida a los mayores casariche\u00f1os una jornada de prevenci\u00f3n contra robos"},"content":{"rendered":"<p>Dos miembros del Cuartel de la Guardia Civil de Casariche impartieron el 9 de Octubre una Jornada de Prevenci\u00f3n contra Robos enmarcada dentro del Plan Mayor de Seguridad, dirigido a la prevenci\u00f3n y mejora de la seguridad de nuestros mayores, que est\u00e1 llevando a cabo el Ministerio del Interior a trav\u00e9s de la Polic\u00eda Nacional y la Guardia Civil.<\/p>\n<p>A trav\u00e9s de la emisi\u00f3n de un v\u00eddeo, informaron al colectivo de personas mayores sobre normas b\u00e1sicas de seguridad en el hogar, as\u00ed como problemas de seguridad que les afectan como colectivo, como por ejemplo, los robos en sus sus domicilios o en el entorno de entidades financieras, los tirones, las estafas, el uso fraudulento de sus propiedades, fondos, cuentas y cartillas de ahorro, as\u00ed como el maltrato en sus diferentes formas.<\/p>\n<p>Esta interesante jornada informativa, que se llev\u00f3 a cabo en el Teatro Municipal de Casariche a partir de las 18:00 horas, cont\u00f3 tambi\u00e9n con la asistencia de la plantilla de la Polic\u00eda Local de nuestro municipio, adem\u00e1s de mayores y vecinos en general.<\/p>\n<p><a href=\"http:\/\/www.casariche.es\/wp-content\/uploads\/2012\/10\/j-robos1.jpg\"><img loading=\"lazy\" decoding=\"async\" class=\"aligncenter size-full wp-image-821\" title=\"j-robos\" src=\"http:\/\/www.casariche.es\/wp-content\/uploads\/2012\/10\/j-robos1.jpg\" alt=\"\" width=\"480\" height=\"260\" srcset=\"https:\/\/www.casariche.es\/wp-content\/uploads\/2012\/10\/j-robos1.jpg 480w, https:\/\/www.casariche.es\/wp-content\/uploads\/2012\/10\/j-robos1-300x162.jpg 300w\" sizes=\"auto, (max-width: 480px) 100vw, 480px\" \/><\/a><\/p>\n","protected":false},"excerpt":{"rendered":"<p>Dos miembros del Cuartel de la Guardia Civil de Casariche impartieron el 9 de Octubre una Jornada de Prevenci\u00f3n contra Robos enmarcada dentro del Plan<\/p>\n","protected":false},"author":2,"featured_media":820,"comment_status":"closed","ping_status":"open","sticky":false,"template":"","format":"standard","meta":{"footnotes":""},"categories":[1,6],"tags":[151,152,153],"class_list":["post-819","post","type-post","status-publish","format-standard","has-post-thumbnail","hentry","category-sin-categoria","category-bienestar-social","tag-prevencion","tag-robos","tag-seguridad"],"_links":{"self":[{"href":"https:\/\/www.casariche.es\/index.php?rest_route=\/wp\/v2\/posts\/819","targetHints":{"allow":["GET"]}}],"collection":[{"href":"https:\/\/www.casariche.es\/index.php?rest_route=\/wp\/v2\/posts"}],"about":[{"href":"https:\/\/www.casariche.es\/index.php?rest_route=\/wp\/v2\/types\/post"}],"author":[{"embeddable":true,"href":"https:\/\/www.casariche.es\/index.php?rest_route=\/wp\/v2\/users\/2"}],"replies":[{"embeddable":true,"href":"https:\/\/www.casariche.es\/index.php?rest_route=%2Fwp%2Fv2%2Fcomments&post=819"}],"version-history":[{"count":2,"href":"https:\/\/www.casariche.es\/index.php?rest_route=\/wp\/v2\/posts\/819\/revisions"}],"predecessor-version":[{"id":823,"href":"https:\/\/www.casariche.es\/index.php?rest_route=\/wp\/v2\/posts\/819\/revisions\/823"}],"wp:featuredmedia":[{"embeddable":true,"href":"https:\/\/www.casariche.es\/index.php?rest_route=\/wp\/v2\/media\/820"}],"wp:attachment":[{"href":"https:\/\/www.casariche.es\/index.php?rest_route=%2Fwp%2Fv2%2Fmedia&parent=819"}],"wp:term":[{"taxonomy":"category","embeddable":true,"href":"https:\/\/www.casariche.es\/index.php?rest_route=%2Fwp%2Fv2%2Fcategories&post=819"},{"taxonomy":"post_tag","embeddable":true,"href":"https:\/\/www.casariche.es\/index.php?rest_route=%2Fwp%2Fv2%2Ftags&post=819"}],"curies":[{"name":"wp","href":"https:\/\/api.w.org\/{rel}","templated":true}]}}