{"id":80649,"date":"2026-02-10T10:15:38","date_gmt":"2026-02-10T09:15:38","guid":{"rendered":"https:\/\/www.casariche.es\/?p=80649"},"modified":"2026-02-10T10:26:51","modified_gmt":"2026-02-10T09:26:51","slug":"casariche-acogera-un-curso-de-formacion-para-cuidadores-profesionales-del-17-al-19-de-febrero","status":"publish","type":"post","link":"https:\/\/www.casariche.es\/?p=80649","title":{"rendered":"Casariche acoger\u00e1 un curso de formaci\u00f3n para cuidadores profesionales del 17 al 19 de febrero"},"content":{"rendered":"<p style=\"text-align: justify;\" data-start=\"0\" data-end=\"176\"><strong>Durante los d\u00edas 17, 18 y 19 de febrero, la Casa de la Juventud acoger\u00e1 el curso \u201cFormaci\u00f3n al Cuidador Profesional\u201d<\/strong>, dirigido a cuidadores y cuidadoras profesionales e impartido por el \u00c1rea de Gesti\u00f3n Sanitaria de Osuna.<\/p>\n<p style=\"text-align: justify;\" data-start=\"178\" data-end=\"469\">Esta <strong>acci\u00f3n formativa, que se impartir\u00e1 en horario de tarde, combina teor\u00eda y pr\u00e1ctica en tres sesiones de tres horas<\/strong>, abordando aspectos clave como la incontinencia, el cuidado del pie diab\u00e9tico, la atenci\u00f3n a usuarios oncol\u00f3gicos y en ostom\u00edas, t\u00e9cnicas de traslaci\u00f3n y recursos de apoyo.<\/p>\n<p style=\"text-align: justify;\" data-start=\"471\" data-end=\"645\" data-is-last-node=\"\" data-is-only-node=\"\">Es la <strong>primera vez que se va a impartir en nuestra localidad una formaci\u00f3n de este tipo<\/strong> tan completa, con la que <strong>se\u00a0brinda a nuestro personal de ayuda a domicilio y a las personas que son cuidadores profesionales, la oportunidad de actualizar y reforzar sus conocimientos para ofrecer una atenci\u00f3n cada vez m\u00e1s profesional y de calidad<\/strong>.<\/p>\n<p style=\"text-align: justify;\" data-start=\"471\" data-end=\"645\" data-is-last-node=\"\" data-is-only-node=\"\">Por ello, os animamos a asistir, acudiendo a la Casa de la Juventud los d\u00edas y horas del curso, ya que no es necesario realizar inscripci\u00f3n previa.<\/p>\n<p data-start=\"471\" data-end=\"645\" data-is-last-node=\"\" data-is-only-node=\"\"><a href=\"http:\/\/www.casariche.es\/wp-content\/uploads\/2026\/02\/Formacion-al-cuidador-profesional.pdf\" target=\"_blank\" rel=\"noopener\">Consultar Programa del Curso<\/a><\/p>\n","protected":false},"excerpt":{"rendered":"<p>Durante los d\u00edas 17, 18 y 19 de febrero, la Casa de la Juventud acoger\u00e1 el curso \u201cFormaci\u00f3n al Cuidador Profesional\u201d, dirigido a cuidadores y<\/p>\n","protected":false},"author":2,"featured_media":80652,"comment_status":"closed","ping_status":"closed","sticky":false,"template":"","format":"standard","meta":{"footnotes":""},"categories":[1],"tags":[],"class_list":["post-80649","post","type-post","status-publish","format-standard","has-post-thumbnail","hentry","category-sin-categoria"],"_links":{"self":[{"href":"https:\/\/www.casariche.es\/index.php?rest_route=\/wp\/v2\/posts\/80649","targetHints":{"allow":["GET"]}}],"collection":[{"href":"https:\/\/www.casariche.es\/index.php?rest_route=\/wp\/v2\/posts"}],"about":[{"href":"https:\/\/www.casariche.es\/index.php?rest_route=\/wp\/v2\/types\/post"}],"author":[{"embeddable":true,"href":"https:\/\/www.casariche.es\/index.php?rest_route=\/wp\/v2\/users\/2"}],"replies":[{"embeddable":true,"href":"https:\/\/www.casariche.es\/index.php?rest_route=%2Fwp%2Fv2%2Fcomments&post=80649"}],"version-history":[{"count":7,"href":"https:\/\/www.casariche.es\/index.php?rest_route=\/wp\/v2\/posts\/80649\/revisions"}],"predecessor-version":[{"id":80663,"href":"https:\/\/www.casariche.es\/index.php?rest_route=\/wp\/v2\/posts\/80649\/revisions\/80663"}],"wp:featuredmedia":[{"embeddable":true,"href":"https:\/\/www.casariche.es\/index.php?rest_route=\/wp\/v2\/media\/80652"}],"wp:attachment":[{"href":"https:\/\/www.casariche.es\/index.php?rest_route=%2Fwp%2Fv2%2Fmedia&parent=80649"}],"wp:term":[{"taxonomy":"category","embeddable":true,"href":"https:\/\/www.casariche.es\/index.php?rest_route=%2Fwp%2Fv2%2Fcategories&post=80649"},{"taxonomy":"post_tag","embeddable":true,"href":"https:\/\/www.casariche.es\/index.php?rest_route=%2Fwp%2Fv2%2Ftags&post=80649"}],"curies":[{"name":"wp","href":"https:\/\/api.w.org\/{rel}","templated":true}]}}