{"id":80633,"date":"2026-02-07T08:00:13","date_gmt":"2026-02-07T07:00:13","guid":{"rendered":"https:\/\/www.casariche.es\/?p=80633"},"modified":"2026-02-07T10:46:26","modified_gmt":"2026-02-07T09:46:26","slug":"corte-temporal-de-trafico-en-el-camino-del-sumidero-por-motivos-de-seguridad","status":"publish","type":"post","link":"https:\/\/www.casariche.es\/?p=80633","title":{"rendered":"Corte temporal de tr\u00e1fico en el Camino del Sumidero por motivos de seguridad"},"content":{"rendered":"<p style=\"text-align: justify;\">El Ayuntamiento de Casariche informa a la ciudadan\u00eda de que <strong>ha quedado cortado al tr\u00e1fico el acceso por el Camino del Sumidero, en el tramo situado a la altura de la vaguada anterior a la Cuesta del Majano, debido a la aparici\u00f3n de un socav\u00f3n que hace peligrosa la circulaci\u00f3n de veh\u00edculos.<\/strong><br class=\"html-br\" \/><br class=\"html-br\" \/>Como consecuencia, queda <strong>temporalmente interrumpido el acceso por este camino al Cerro Bellido y al Cortijo Jarilla<\/strong>, hasta que se realicen las actuaciones necesarias para garantizar la seguridad.<br class=\"html-br\" \/><br class=\"html-br\" \/>Se ruega a vecinos y usuarios de la v\u00eda que <strong>eviten transitar por la zona y utilicen itinerarios alternativos<\/strong>, agradeciendo su colaboraci\u00f3n y comprensi\u00f3n mientras se llevan a cabo los trabajos de reparaci\u00f3n.<br class=\"html-br\" \/><br class=\"html-br\" \/>El Ayuntamiento informar\u00e1 puntualmente de cualquier novedad.<\/p>\n<figure id=\"attachment_80634\" aria-describedby=\"caption-attachment-80634\" style=\"width: 1206px\" class=\"wp-caption alignnone\"><img loading=\"lazy\" decoding=\"async\" class=\"size-full wp-image-80634\" src=\"http:\/\/www.casariche.es\/wp-content\/uploads\/2026\/02\/corte-cortijo-jarilla-cerro-bellido.jpg\" alt=\"\" width=\"1206\" height=\"708\" srcset=\"https:\/\/www.casariche.es\/wp-content\/uploads\/2026\/02\/corte-cortijo-jarilla-cerro-bellido.jpg 1206w, https:\/\/www.casariche.es\/wp-content\/uploads\/2026\/02\/corte-cortijo-jarilla-cerro-bellido-300x176.jpg 300w, https:\/\/www.casariche.es\/wp-content\/uploads\/2026\/02\/corte-cortijo-jarilla-cerro-bellido-1024x601.jpg 1024w, https:\/\/www.casariche.es\/wp-content\/uploads\/2026\/02\/corte-cortijo-jarilla-cerro-bellido-768x451.jpg 768w\" sizes=\"auto, (max-width: 1206px) 100vw, 1206px\" \/><figcaption id=\"caption-attachment-80634\" class=\"wp-caption-text\">Screenshot<\/figcaption><\/figure>\n","protected":false},"excerpt":{"rendered":"<p>El Ayuntamiento de Casariche informa a la ciudadan\u00eda de que ha quedado cortado al tr\u00e1fico el acceso por el Camino del Sumidero, en el tramo<\/p>\n","protected":false},"author":2,"featured_media":80634,"comment_status":"closed","ping_status":"closed","sticky":false,"template":"","format":"standard","meta":{"footnotes":""},"categories":[1],"tags":[],"class_list":["post-80633","post","type-post","status-publish","format-standard","has-post-thumbnail","hentry","category-sin-categoria"],"_links":{"self":[{"href":"https:\/\/www.casariche.es\/index.php?rest_route=\/wp\/v2\/posts\/80633","targetHints":{"allow":["GET"]}}],"collection":[{"href":"https:\/\/www.casariche.es\/index.php?rest_route=\/wp\/v2\/posts"}],"about":[{"href":"https:\/\/www.casariche.es\/index.php?rest_route=\/wp\/v2\/types\/post"}],"author":[{"embeddable":true,"href":"https:\/\/www.casariche.es\/index.php?rest_route=\/wp\/v2\/users\/2"}],"replies":[{"embeddable":true,"href":"https:\/\/www.casariche.es\/index.php?rest_route=%2Fwp%2Fv2%2Fcomments&post=80633"}],"version-history":[{"count":1,"href":"https:\/\/www.casariche.es\/index.php?rest_route=\/wp\/v2\/posts\/80633\/revisions"}],"predecessor-version":[{"id":80635,"href":"https:\/\/www.casariche.es\/index.php?rest_route=\/wp\/v2\/posts\/80633\/revisions\/80635"}],"wp:featuredmedia":[{"embeddable":true,"href":"https:\/\/www.casariche.es\/index.php?rest_route=\/wp\/v2\/media\/80634"}],"wp:attachment":[{"href":"https:\/\/www.casariche.es\/index.php?rest_route=%2Fwp%2Fv2%2Fmedia&parent=80633"}],"wp:term":[{"taxonomy":"category","embeddable":true,"href":"https:\/\/www.casariche.es\/index.php?rest_route=%2Fwp%2Fv2%2Fcategories&post=80633"},{"taxonomy":"post_tag","embeddable":true,"href":"https:\/\/www.casariche.es\/index.php?rest_route=%2Fwp%2Fv2%2Ftags&post=80633"}],"curies":[{"name":"wp","href":"https:\/\/api.w.org\/{rel}","templated":true}]}}