{"id":80567,"date":"2026-02-03T22:00:31","date_gmt":"2026-02-03T21:00:31","guid":{"rendered":"https:\/\/www.casariche.es\/?p=80567"},"modified":"2026-02-04T08:56:04","modified_gmt":"2026-02-04T07:56:04","slug":"ultima-hora-21","status":"publish","type":"post","link":"https:\/\/www.casariche.es\/?p=80567","title":{"rendered":"\u00a1\u00daLTIMA HORA!"},"content":{"rendered":"<div class=\"x14z9mp xat24cr x1lziwak x1vvkbs xtlvy1s x126k92a\">\n<div dir=\"auto\" style=\"text-align: justify;\"><strong>El Ayuntamiento informa que hoy, a las 21:00 horas, ha activado el Plan de Emergencia Municipal, en su Fase de Preemergencia, tras la activaci\u00f3n de la alerta para Casariche por riesgo de zona inundable.<\/strong><\/div>\n<div dir=\"auto\" style=\"text-align: justify;\"><\/div>\n<\/div>\n<div class=\"x14z9mp xat24cr x1lziwak x1vvkbs xtlvy1s x126k92a\" style=\"text-align: justify;\">\n<div dir=\"auto\">En este sentido, recordamos que los parques, espacios p\u00fablicos e instalaciones deportivas permanecer\u00e1n cerrados hasta nuevo aviso, y que las clases presenciales quedan suspendidas para el d\u00eda de ma\u00f1ana. Del mismo modo, reiteramos que el Ayuntamiento, junto con la Polic\u00eda Local y Protecci\u00f3n Civil, mantiene activo un dispositivo de vigilancia, con el objetivo de responder de forma inmediata ante cualquier incidencia que pudiera producirse.<\/div>\n<div dir=\"auto\"><\/div>\n<div dir=\"auto\"><\/div>\n<\/div>\n<div class=\"x14z9mp xat24cr x1lziwak x1vvkbs xtlvy1s x126k92a\" style=\"text-align: justify;\">\n<div dir=\"auto\">Rogamos a todos los vecinos y vecinas que extremen las precauciones y permanezcan atentos a futuras comunicaciones oficiales.<\/div>\n<div dir=\"auto\"><\/div>\n<div dir=\"auto\"><\/div>\n<\/div>\n<div class=\"x14z9mp xat24cr x1lziwak x1vvkbs xtlvy1s x126k92a\">\n<div dir=\"auto\" style=\"text-align: justify;\">Muchas gracias<\/div>\n<div dir=\"auto\"><img loading=\"lazy\" decoding=\"async\" class=\"alignnone size-full wp-image-80568\" src=\"http:\/\/www.casariche.es\/wp-content\/uploads\/2026\/02\/ultima-hora.jpg\" alt=\"\" width=\"940\" height=\"788\" srcset=\"https:\/\/www.casariche.es\/wp-content\/uploads\/2026\/02\/ultima-hora.jpg 940w, https:\/\/www.casariche.es\/wp-content\/uploads\/2026\/02\/ultima-hora-300x251.jpg 300w, https:\/\/www.casariche.es\/wp-content\/uploads\/2026\/02\/ultima-hora-768x644.jpg 768w\" sizes=\"auto, (max-width: 940px) 100vw, 940px\" \/><\/div>\n<\/div>\n","protected":false},"excerpt":{"rendered":"<p>El Ayuntamiento informa que hoy, a las 21:00 horas, ha activado el Plan de Emergencia Municipal, en su Fase de Preemergencia, tras la activaci\u00f3n de<\/p>\n","protected":false},"author":2,"featured_media":80568,"comment_status":"closed","ping_status":"closed","sticky":false,"template":"","format":"standard","meta":{"footnotes":""},"categories":[1],"tags":[],"class_list":["post-80567","post","type-post","status-publish","format-standard","has-post-thumbnail","hentry","category-sin-categoria"],"_links":{"self":[{"href":"https:\/\/www.casariche.es\/index.php?rest_route=\/wp\/v2\/posts\/80567","targetHints":{"allow":["GET"]}}],"collection":[{"href":"https:\/\/www.casariche.es\/index.php?rest_route=\/wp\/v2\/posts"}],"about":[{"href":"https:\/\/www.casariche.es\/index.php?rest_route=\/wp\/v2\/types\/post"}],"author":[{"embeddable":true,"href":"https:\/\/www.casariche.es\/index.php?rest_route=\/wp\/v2\/users\/2"}],"replies":[{"embeddable":true,"href":"https:\/\/www.casariche.es\/index.php?rest_route=%2Fwp%2Fv2%2Fcomments&post=80567"}],"version-history":[{"count":2,"href":"https:\/\/www.casariche.es\/index.php?rest_route=\/wp\/v2\/posts\/80567\/revisions"}],"predecessor-version":[{"id":80570,"href":"https:\/\/www.casariche.es\/index.php?rest_route=\/wp\/v2\/posts\/80567\/revisions\/80570"}],"wp:featuredmedia":[{"embeddable":true,"href":"https:\/\/www.casariche.es\/index.php?rest_route=\/wp\/v2\/media\/80568"}],"wp:attachment":[{"href":"https:\/\/www.casariche.es\/index.php?rest_route=%2Fwp%2Fv2%2Fmedia&parent=80567"}],"wp:term":[{"taxonomy":"category","embeddable":true,"href":"https:\/\/www.casariche.es\/index.php?rest_route=%2Fwp%2Fv2%2Fcategories&post=80567"},{"taxonomy":"post_tag","embeddable":true,"href":"https:\/\/www.casariche.es\/index.php?rest_route=%2Fwp%2Fv2%2Ftags&post=80567"}],"curies":[{"name":"wp","href":"https:\/\/api.w.org\/{rel}","templated":true}]}}