{"id":80539,"date":"2026-02-03T17:00:06","date_gmt":"2026-02-03T16:00:06","guid":{"rendered":"https:\/\/www.casariche.es\/?p=80539"},"modified":"2026-02-03T17:00:06","modified_gmt":"2026-02-03T16:00:06","slug":"suspendida-la-actividad-academica-presencial-en-casariche-para-manana-4-de-febrero","status":"publish","type":"post","link":"https:\/\/www.casariche.es\/?p=80539","title":{"rendered":"Suspendida la actividad acad\u00e9mica presencial en Casariche para ma\u00f1ana 4 de febrero"},"content":{"rendered":"<p style=\"text-align: justify;\" data-start=\"224\" data-end=\"531\">El <strong data-start=\"227\" data-end=\"256\">Ayuntamiento de Casariche<\/strong> informa de la <strong data-start=\"287\" data-end=\"343\">suspensi\u00f3n de toda la actividad acad\u00e9mica presencial<\/strong> en los centros educativos del municipio para <strong data-start=\"389\" data-end=\"431\">ma\u00f1ana mi\u00e9rcoles, 4 de febrero de 2026<\/strong>, como medida preventiva adoptada de acuerdo a las <strong data-start=\"572\" data-end=\"633\">previsiones de la Agencia Estatal de Meteorolog\u00eda (AEMET)<\/strong> y siguiendo las indicaciones de la <strong data-start=\"669\" data-end=\"777\">Consejer\u00eda de la Presidencia, Interior, Di\u00e1logo Social y Simplificaci\u00f3n Administrativa (Emergencias 112)<\/strong> de la Junta de Andaluc\u00eda, tras la reuni\u00f3n del <strong data-start=\"824\" data-end=\"878\">Comit\u00e9 Asesor del Plan de Emergencias de Andaluc\u00eda<\/strong>, ante el riesgo de inundaciones y otros fen\u00f3menos meteorol\u00f3gicos adversos.<\/p>\n<p style=\"text-align: justify;\" data-start=\"955\" data-end=\"1321\">La suspensi\u00f3n afecta a <strong data-start=\"978\" data-end=\"1026\">todos los centros educativos de la localidad<\/strong>: la Escuela Infantil Municipal de Casariche, el CEIP Lope de Vega, el IES Atalaya, el SEP Concepci\u00f3n Arenal y el Servicio de Absentismo Escolar. Del mismo modo, quedan <strong data-start=\"1195\" data-end=\"1239\">cancelados los servicios complementarios<\/strong>, tales como el aula matinal, el comedor escolar y las actividades extraescolares.<\/p>\n<p style=\"text-align: justify;\" data-start=\"1323\" data-end=\"1809\">Como medida preventiva adicional, y tal como ya se ha comunicado, el Ayuntamiento proceder\u00e1 al <strong data-start=\"1418\" data-end=\"1479\">cierre de parques p\u00fablicos y zonas deportivas municipales<\/strong>. Asimismo, se solicita a la poblaci\u00f3n <strong data-start=\"1518\" data-end=\"1547\">extremar las precauciones<\/strong>, evitar desplazamientos innecesarios y mantenerse informada a trav\u00e9s de los <strong data-start=\"1624\" data-end=\"1663\">canales oficiales del 112 Andaluc\u00eda<\/strong> y de las <strong data-start=\"1673\" data-end=\"1703\">redes sociales municipales<\/strong>, donde se ir\u00e1n actualizando las recomendaciones en funci\u00f3n de la evoluci\u00f3n de la situaci\u00f3n meteorol\u00f3gica.<\/p>\n<p style=\"text-align: justify;\" data-start=\"1811\" data-end=\"1907\" data-is-last-node=\"\" data-is-only-node=\"\">Muchas gracias de antemano por vuestra colaboraci\u00f3n y responsabilidad ante esta situaci\u00f3n.<\/p>\n<p data-start=\"1811\" data-end=\"1907\" data-is-last-node=\"\" data-is-only-node=\"\"><img loading=\"lazy\" decoding=\"async\" class=\"alignnone size-full wp-image-80541\" src=\"http:\/\/www.casariche.es\/wp-content\/uploads\/2026\/02\/Csariche-20268.jpg\" alt=\"\" width=\"2000\" height=\"1414\" srcset=\"https:\/\/www.casariche.es\/wp-content\/uploads\/2026\/02\/Csariche-20268.jpg 2000w, https:\/\/www.casariche.es\/wp-content\/uploads\/2026\/02\/Csariche-20268-300x212.jpg 300w, https:\/\/www.casariche.es\/wp-content\/uploads\/2026\/02\/Csariche-20268-1024x724.jpg 1024w, https:\/\/www.casariche.es\/wp-content\/uploads\/2026\/02\/Csariche-20268-768x543.jpg 768w, https:\/\/www.casariche.es\/wp-content\/uploads\/2026\/02\/Csariche-20268-1536x1086.jpg 1536w\" sizes=\"auto, (max-width: 2000px) 100vw, 2000px\" \/><\/p>\n","protected":false},"excerpt":{"rendered":"<p>El Ayuntamiento de Casariche informa de la suspensi\u00f3n de toda la actividad acad\u00e9mica presencial en los centros educativos del municipio para ma\u00f1ana mi\u00e9rcoles, 4 de<\/p>\n","protected":false},"author":2,"featured_media":80541,"comment_status":"closed","ping_status":"closed","sticky":false,"template":"","format":"standard","meta":{"footnotes":""},"categories":[1],"tags":[],"class_list":["post-80539","post","type-post","status-publish","format-standard","has-post-thumbnail","hentry","category-sin-categoria"],"_links":{"self":[{"href":"https:\/\/www.casariche.es\/index.php?rest_route=\/wp\/v2\/posts\/80539","targetHints":{"allow":["GET"]}}],"collection":[{"href":"https:\/\/www.casariche.es\/index.php?rest_route=\/wp\/v2\/posts"}],"about":[{"href":"https:\/\/www.casariche.es\/index.php?rest_route=\/wp\/v2\/types\/post"}],"author":[{"embeddable":true,"href":"https:\/\/www.casariche.es\/index.php?rest_route=\/wp\/v2\/users\/2"}],"replies":[{"embeddable":true,"href":"https:\/\/www.casariche.es\/index.php?rest_route=%2Fwp%2Fv2%2Fcomments&post=80539"}],"version-history":[{"count":2,"href":"https:\/\/www.casariche.es\/index.php?rest_route=\/wp\/v2\/posts\/80539\/revisions"}],"predecessor-version":[{"id":80542,"href":"https:\/\/www.casariche.es\/index.php?rest_route=\/wp\/v2\/posts\/80539\/revisions\/80542"}],"wp:featuredmedia":[{"embeddable":true,"href":"https:\/\/www.casariche.es\/index.php?rest_route=\/wp\/v2\/media\/80541"}],"wp:attachment":[{"href":"https:\/\/www.casariche.es\/index.php?rest_route=%2Fwp%2Fv2%2Fmedia&parent=80539"}],"wp:term":[{"taxonomy":"category","embeddable":true,"href":"https:\/\/www.casariche.es\/index.php?rest_route=%2Fwp%2Fv2%2Fcategories&post=80539"},{"taxonomy":"post_tag","embeddable":true,"href":"https:\/\/www.casariche.es\/index.php?rest_route=%2Fwp%2Fv2%2Ftags&post=80539"}],"curies":[{"name":"wp","href":"https:\/\/api.w.org\/{rel}","templated":true}]}}