{"id":80487,"date":"2026-02-04T09:00:59","date_gmt":"2026-02-04T08:00:59","guid":{"rendered":"https:\/\/www.casariche.es\/?p=80487"},"modified":"2026-02-04T09:13:37","modified_gmt":"2026-02-04T08:13:37","slug":"casariche-se-suma-al-dia-mundial-contra-el-cancer","status":"publish","type":"post","link":"https:\/\/www.casariche.es\/?p=80487","title":{"rendered":"Casariche se suma al D\u00eda Mundial contra el C\u00e1ncer"},"content":{"rendered":"<div class=\"relative basis-auto flex-col -mb-(--composer-overlap-px) [--composer-overlap-px:55px] grow flex\">\n<div class=\"flex flex-col text-sm pb-25\">\n<article class=\"text-token-text-primary w-full focus:outline-none [--shadow-height:45px] has-data-writing-block:pointer-events-none has-data-writing-block:-mt-(--shadow-height) has-data-writing-block:pt-(--shadow-height) [&amp;:has([data-writing-block])&gt;*]:pointer-events-auto [content-visibility:auto] supports-[content-visibility:auto]:[contain-intrinsic-size:auto_100lvh] scroll-mt-[calc(var(--header-height)+min(200px,max(70px,20svh)))]\" dir=\"auto\" tabindex=\"-1\" data-turn-id=\"request-WEB:3c5b5be2-7fba-4847-9964-a84b98553136-0\" data-testid=\"conversation-turn-2\" data-scroll-anchor=\"true\" data-turn=\"assistant\">\n<div class=\"text-base my-auto mx-auto pb-10 [--thread-content-margin:--spacing(4)] @w-sm\/main:[--thread-content-margin:--spacing(6)] @w-lg\/main:[--thread-content-margin:--spacing(16)] px-(--thread-content-margin)\">\n<div class=\"[--thread-content-max-width:40rem] @w-lg\/main:[--thread-content-max-width:48rem] mx-auto max-w-(--thread-content-max-width) flex-1 group\/turn-messages focus-visible:outline-hidden relative flex w-full min-w-0 flex-col agent-turn\" tabindex=\"-1\">\n<div class=\"flex max-w-full flex-col grow\">\n<div class=\"min-h-8 text-message relative flex w-full flex-col items-end gap-2 text-start break-words whitespace-normal [.text-message+&amp;]:mt-1\" dir=\"auto\" data-message-author-role=\"assistant\" data-message-id=\"02392f0e-cd89-4d6b-bc36-4cc9e6a1008b\" data-message-model-slug=\"gpt-5-2\">\n<div class=\"flex w-full flex-col gap-1 empty:hidden first:pt-[1px]\">\n<div class=\"markdown prose dark:prose-invert w-full wrap-break-word light markdown-new-styling\">\n<p style=\"text-align: justify;\" data-start=\"55\" data-end=\"300\">Este <strong>4 de febrero se conmemora el D\u00eda Mundial contra el C\u00e1ncer, una fecha clave para concienciar a la ciudadan\u00eda sobre la importancia de la prevenci\u00f3n, el diagn\u00f3stico precoz y el tratamiento adecuado de esta enfermedad.<\/strong><\/p>\n<p style=\"text-align: justify;\" data-start=\"302\" data-end=\"783\">Con motivo de esta jornada, <strong>el Ayuntamiento de Casariche reafirma su compromiso en la lucha contra el c\u00e1ncer y contin\u00faa trabajando de manera conjunta con la Junta Local de la AECC en la organizaci\u00f3n de distintas actividades.<\/strong> Estas iniciativas est\u00e1n orientadas tanto a la sensibilizaci\u00f3n y formaci\u00f3n en h\u00e1bitos preventivos como a la recaudaci\u00f3n de fondos destinados a la investigaci\u00f3n y al apoyo de las familias casariche\u00f1as que atraviesan un proceso oncol\u00f3gico.<\/p>\n<p style=\"text-align: justify;\" data-start=\"785\" data-end=\"997\">Por ello, hoy hacemos un <strong>llamamiento a la solidaridad de toda la poblaci\u00f3n, recordando que la uni\u00f3n y el apoyo social son fundamentales para avanzar en la lucha contra esta enfermedad.<\/strong><\/p>\n<p data-start=\"785\" data-end=\"997\"><img loading=\"lazy\" decoding=\"async\" class=\"alignnone size-full wp-image-80523\" src=\"http:\/\/www.casariche.es\/wp-content\/uploads\/2026\/02\/Cartel-programa-fiestas-de-carnaval-ilustrado-colorido-azul.png\" alt=\"\" width=\"1414\" height=\"2000\" srcset=\"https:\/\/www.casariche.es\/wp-content\/uploads\/2026\/02\/Cartel-programa-fiestas-de-carnaval-ilustrado-colorido-azul.png 1414w, https:\/\/www.casariche.es\/wp-content\/uploads\/2026\/02\/Cartel-programa-fiestas-de-carnaval-ilustrado-colorido-azul-212x300.png 212w, https:\/\/www.casariche.es\/wp-content\/uploads\/2026\/02\/Cartel-programa-fiestas-de-carnaval-ilustrado-colorido-azul-724x1024.png 724w, https:\/\/www.casariche.es\/wp-content\/uploads\/2026\/02\/Cartel-programa-fiestas-de-carnaval-ilustrado-colorido-azul-768x1086.png 768w, https:\/\/www.casariche.es\/wp-content\/uploads\/2026\/02\/Cartel-programa-fiestas-de-carnaval-ilustrado-colorido-azul-1086x1536.png 1086w\" sizes=\"auto, (max-width: 1414px) 100vw, 1414px\" \/><\/p>\n<\/div>\n<\/div>\n<\/div>\n<\/div>\n<\/div>\n<\/div>\n<\/article>\n<\/div>\n<\/div>\n","protected":false},"excerpt":{"rendered":"<p>Este 4 de febrero se conmemora el D\u00eda Mundial contra el C\u00e1ncer, una fecha clave para concienciar a la ciudadan\u00eda sobre la importancia de la<\/p>\n","protected":false},"author":2,"featured_media":80523,"comment_status":"closed","ping_status":"closed","sticky":false,"template":"","format":"standard","meta":{"footnotes":""},"categories":[1],"tags":[],"class_list":["post-80487","post","type-post","status-publish","format-standard","has-post-thumbnail","hentry","category-sin-categoria"],"_links":{"self":[{"href":"https:\/\/www.casariche.es\/index.php?rest_route=\/wp\/v2\/posts\/80487","targetHints":{"allow":["GET"]}}],"collection":[{"href":"https:\/\/www.casariche.es\/index.php?rest_route=\/wp\/v2\/posts"}],"about":[{"href":"https:\/\/www.casariche.es\/index.php?rest_route=\/wp\/v2\/types\/post"}],"author":[{"embeddable":true,"href":"https:\/\/www.casariche.es\/index.php?rest_route=\/wp\/v2\/users\/2"}],"replies":[{"embeddable":true,"href":"https:\/\/www.casariche.es\/index.php?rest_route=%2Fwp%2Fv2%2Fcomments&post=80487"}],"version-history":[{"count":2,"href":"https:\/\/www.casariche.es\/index.php?rest_route=\/wp\/v2\/posts\/80487\/revisions"}],"predecessor-version":[{"id":80524,"href":"https:\/\/www.casariche.es\/index.php?rest_route=\/wp\/v2\/posts\/80487\/revisions\/80524"}],"wp:featuredmedia":[{"embeddable":true,"href":"https:\/\/www.casariche.es\/index.php?rest_route=\/wp\/v2\/media\/80523"}],"wp:attachment":[{"href":"https:\/\/www.casariche.es\/index.php?rest_route=%2Fwp%2Fv2%2Fmedia&parent=80487"}],"wp:term":[{"taxonomy":"category","embeddable":true,"href":"https:\/\/www.casariche.es\/index.php?rest_route=%2Fwp%2Fv2%2Fcategories&post=80487"},{"taxonomy":"post_tag","embeddable":true,"href":"https:\/\/www.casariche.es\/index.php?rest_route=%2Fwp%2Fv2%2Ftags&post=80487"}],"curies":[{"name":"wp","href":"https:\/\/api.w.org\/{rel}","templated":true}]}}