{"id":78947,"date":"2025-11-25T10:30:15","date_gmt":"2025-11-25T09:30:15","guid":{"rendered":"https:\/\/www.casariche.es\/?p=78947"},"modified":"2025-11-25T11:03:53","modified_gmt":"2025-11-25T10:03:53","slug":"casariche-celebra-el-acto-central-de-la-campana-institucional-del-25n-con-una-carrera-marcha-y-la-lectura-del-manifiesto","status":"publish","type":"post","link":"https:\/\/www.casariche.es\/?p=78947","title":{"rendered":"Casariche celebra el acto central de la Campa\u00f1a Institucional del 25N con una Carrera-Marcha y la lectura del manifiesto"},"content":{"rendered":"<div class=\"relative basis-auto flex-col -mb-(--composer-overlap-px) [--composer-overlap-px:55px] grow flex overflow-hidden\">\n<div class=\"relative h-full\">\n<div class=\"flex h-full flex-col overflow-y-auto thread-xl:pt-(--header-height) [scrollbar-gutter:stable_both-edges]\">\n<div class=\"flex flex-col text-sm thread-xl:pt-header-height\">\n<article class=\"text-token-text-primary w-full focus:outline-none [--shadow-height:45px] has-data-writing-block:pointer-events-none has-data-writing-block:-mt-(--shadow-height) has-data-writing-block:pt-(--shadow-height) [&amp;:has([data-writing-block])&gt;*]:pointer-events-auto [content-visibility:auto] supports-[content-visibility:auto]:[contain-intrinsic-size:auto_100lvh] scroll-mt-[calc(var(--header-height)+min(200px,max(70px,20svh)))]\" dir=\"auto\" tabindex=\"-1\" data-turn-id=\"request-WEB:83af055e-b67f-45a7-8bae-9c5f62cd283e-11\" data-testid=\"conversation-turn-24\" data-scroll-anchor=\"true\" data-turn=\"assistant\">\n<div class=\"text-base my-auto mx-auto pb-10 [--thread-content-margin:--spacing(4)] thread-sm:[--thread-content-margin:--spacing(6)] thread-lg:[--thread-content-margin:--spacing(16)] px-(--thread-content-margin)\">\n<div class=\"[--thread-content-max-width:40rem] thread-lg:[--thread-content-max-width:48rem] mx-auto max-w-(--thread-content-max-width) flex-1 group\/turn-messages focus-visible:outline-hidden relative flex w-full min-w-0 flex-col agent-turn\" tabindex=\"-1\">\n<div class=\"flex max-w-full flex-col grow\">\n<div class=\"min-h-8 text-message relative flex w-full flex-col items-end gap-2 text-start break-words whitespace-normal [.text-message+&amp;]:mt-1\" dir=\"auto\" data-message-author-role=\"assistant\" data-message-id=\"8887d830-40d0-46c6-82db-c4ef6b8139fe\" data-message-model-slug=\"gpt-5-1\">\n<div class=\"flex w-full flex-col gap-1 empty:hidden first:pt-[1px]\">\n<div class=\"markdown prose dark:prose-invert w-full break-words light markdown-new-styling\">\n<p style=\"text-align: justify;\" data-start=\"167\" data-end=\"367\">Hoy, <strong data-start=\"172\" data-end=\"191\">25 de noviembre<\/strong>, <strong data-start=\"217\" data-end=\"294\">D\u00eda Internacional para la Erradicaci\u00f3n de la Violencia contra las Mujeres, <\/strong>nuestra localidad celebra el acto central de la Campa\u00f1a Institucional del 25N de este a\u00f1o.<\/p>\n<p style=\"text-align: justify;\" data-start=\"369\" data-end=\"760\">A las <strong data-start=\"375\" data-end=\"390\">16:30 horas<\/strong> dar\u00e1 comienzo la <strong data-start=\"408\" data-end=\"434\">tercera Carrera-Marcha Casariche contra la violencia de g\u00e9nero,<\/strong>\u00a0cuyo recorrido tendr\u00e1 salida y llegada en la <strong data-start=\"481\" data-end=\"522\">Plaza Alcalde Jos\u00e9 Ram\u00f3n Parrado Cano<\/strong>.\u00a0Al t\u00e9rmino de la misma, se proceder\u00e1 a la <strong data-start=\"806\" data-end=\"846\">lectura del manifiesto conmemorativo<\/strong>.<\/p>\n<p style=\"text-align: justify;\" data-start=\"1008\" data-end=\"1243\">La jornada concluir\u00e1 con una <strong data-start=\"1037\" data-end=\"1088\">merienda de convivencia por los buenos tratos<\/strong>, organizada por la <strong data-start=\"1130\" data-end=\"1164\">Asociaci\u00f3n de Mujeres \u201cSirena\u201d y<\/strong>\u00a0el <strong data-start=\"1108\" data-end=\"1124\">Ayuntamiento<\/strong>.<\/p>\n<p style=\"text-align: justify;\" data-start=\"1008\" data-end=\"1243\">\u00a1Os esperamos!<\/p>\n<\/div>\n<\/div>\n<\/div>\n<\/div>\n<\/div>\n<\/div>\n<\/article>\n<\/div>\n<\/div>\n<\/div>\n<\/div>\n<p><img loading=\"lazy\" decoding=\"async\" class=\"alignnone size-full wp-image-78948\" src=\"http:\/\/www.casariche.es\/wp-content\/uploads\/2025\/11\/CARTEL-MARCHA-25-N-2025-PDF-1-scaled.jpg\" alt=\"\" width=\"1810\" height=\"2560\" srcset=\"https:\/\/www.casariche.es\/wp-content\/uploads\/2025\/11\/CARTEL-MARCHA-25-N-2025-PDF-1-scaled.jpg 1810w, https:\/\/www.casariche.es\/wp-content\/uploads\/2025\/11\/CARTEL-MARCHA-25-N-2025-PDF-1-212x300.jpg 212w, https:\/\/www.casariche.es\/wp-content\/uploads\/2025\/11\/CARTEL-MARCHA-25-N-2025-PDF-1-724x1024.jpg 724w, https:\/\/www.casariche.es\/wp-content\/uploads\/2025\/11\/CARTEL-MARCHA-25-N-2025-PDF-1-768x1086.jpg 768w, https:\/\/www.casariche.es\/wp-content\/uploads\/2025\/11\/CARTEL-MARCHA-25-N-2025-PDF-1-1086x1536.jpg 1086w, https:\/\/www.casariche.es\/wp-content\/uploads\/2025\/11\/CARTEL-MARCHA-25-N-2025-PDF-1-1448x2048.jpg 1448w\" sizes=\"auto, (max-width: 1810px) 100vw, 1810px\" \/><\/p>\n","protected":false},"excerpt":{"rendered":"<p>Hoy, 25 de noviembre, D\u00eda Internacional para la Erradicaci\u00f3n de la Violencia contra las Mujeres, nuestra localidad celebra el acto central de la Campa\u00f1a Institucional<\/p>\n","protected":false},"author":2,"featured_media":78948,"comment_status":"closed","ping_status":"closed","sticky":false,"template":"","format":"standard","meta":{"footnotes":""},"categories":[1],"tags":[],"class_list":["post-78947","post","type-post","status-publish","format-standard","has-post-thumbnail","hentry","category-sin-categoria"],"_links":{"self":[{"href":"https:\/\/www.casariche.es\/index.php?rest_route=\/wp\/v2\/posts\/78947","targetHints":{"allow":["GET"]}}],"collection":[{"href":"https:\/\/www.casariche.es\/index.php?rest_route=\/wp\/v2\/posts"}],"about":[{"href":"https:\/\/www.casariche.es\/index.php?rest_route=\/wp\/v2\/types\/post"}],"author":[{"embeddable":true,"href":"https:\/\/www.casariche.es\/index.php?rest_route=\/wp\/v2\/users\/2"}],"replies":[{"embeddable":true,"href":"https:\/\/www.casariche.es\/index.php?rest_route=%2Fwp%2Fv2%2Fcomments&post=78947"}],"version-history":[{"count":2,"href":"https:\/\/www.casariche.es\/index.php?rest_route=\/wp\/v2\/posts\/78947\/revisions"}],"predecessor-version":[{"id":78950,"href":"https:\/\/www.casariche.es\/index.php?rest_route=\/wp\/v2\/posts\/78947\/revisions\/78950"}],"wp:featuredmedia":[{"embeddable":true,"href":"https:\/\/www.casariche.es\/index.php?rest_route=\/wp\/v2\/media\/78948"}],"wp:attachment":[{"href":"https:\/\/www.casariche.es\/index.php?rest_route=%2Fwp%2Fv2%2Fmedia&parent=78947"}],"wp:term":[{"taxonomy":"category","embeddable":true,"href":"https:\/\/www.casariche.es\/index.php?rest_route=%2Fwp%2Fv2%2Fcategories&post=78947"},{"taxonomy":"post_tag","embeddable":true,"href":"https:\/\/www.casariche.es\/index.php?rest_route=%2Fwp%2Fv2%2Ftags&post=78947"}],"curies":[{"name":"wp","href":"https:\/\/api.w.org\/{rel}","templated":true}]}}