{"id":78900,"date":"2025-11-24T12:30:02","date_gmt":"2025-11-24T11:30:02","guid":{"rendered":"https:\/\/www.casariche.es\/?p=78900"},"modified":"2025-11-24T13:45:41","modified_gmt":"2025-11-24T12:45:41","slug":"el-atalaya-fest-continua-creciendo-dos-nuevas-historias-se-incorporan-a-su-programacion-oficial","status":"publish","type":"post","link":"https:\/\/www.casariche.es\/?p=78900","title":{"rendered":"El Atalaya Fest contin\u00faa creciendo: dos nuevas historias se incorporan a su programaci\u00f3n oficial"},"content":{"rendered":"<p style=\"text-align: justify;\" data-start=\"358\" data-end=\"609\">El Festival Internacional de Cortometrajes de Justicia Social y Derechos Humanos <em data-start=\"439\" data-end=\"453\">Atalaya Fest<\/em> contin\u00faa ampliando su programaci\u00f3n oficial con la incorporaci\u00f3n de dos nuevas obras que muestran la diversidad tem\u00e1tica y creativa de esta primera edici\u00f3n.<\/p>\n<p style=\"text-align: justify;\" data-start=\"611\" data-end=\"1111\">Por un lado, el cineasta <strong data-start=\"636\" data-end=\"671\">Iker Oiz Elgorriaga (@kontuka_)<\/strong> dirige y guioniza un documental que profundiza en un caso concreto de expolio sufrido durante el franquismo. A trav\u00e9s de una narraci\u00f3n \u00edntima y rigurosa, la pieza aborda la memoria hist\u00f3rica desde una perspectiva humana, poniendo el foco en heridas que a\u00fan hoy siguen reclamando justicia y reconocimiento. Un trabajo cargado de sensibilidad que se presenta como una de las propuestas m\u00e1s poderosas del festival.<\/p>\n<p style=\"text-align: justify;\" data-start=\"1113\" data-end=\"1675\">Por otro lado, el festival suma tambi\u00e9n la comedia <strong data-start=\"1164\" data-end=\"1190\">\u201cAll You Need Is Love\u201d<\/strong>, que narra las divertidas tribulaciones de dos j\u00f3venes que aspiran a ingresar en la Secci\u00f3n Femenina. Dirigido por <strong data-start=\"1306\" data-end=\"1328\">Dany Ruz (@dnyruz)<\/strong>, el cortometraje destaca por su frescura, su tono humor\u00edstico y su lectura cr\u00edtica de una \u00e9poca hist\u00f3rica marcada por la disciplina y las expectativas impuestas a las mujeres. Su calidad t\u00e9cnica y narrativa le ha valido estar entre los <strong data-start=\"1565\" data-end=\"1603\">candidatos a los Premios GOYA 2026<\/strong>, consolid\u00e1ndose como uno de los t\u00edtulos m\u00e1s destacados de esta edici\u00f3n.<\/p>\n<p style=\"text-align: justify;\" data-start=\"1677\" data-end=\"1841\">Ambas obras reflejan el esp\u00edritu del Atalaya Fest: diversidad tem\u00e1tica, compromiso social y apuesta por el talento emergente y consolidado del panorama audiovisual.<\/p>\n<p data-start=\"1677\" data-end=\"1841\">\u00a1No os lo pod\u00e9is perder! <img loading=\"lazy\" decoding=\"async\" class=\"alignnone size-full wp-image-78902\" src=\"http:\/\/www.casariche.es\/wp-content\/uploads\/2025\/11\/WhatsApp-Image-2025-11-24-at-11.46.25.jpeg\" alt=\"\" width=\"1143\" height=\"1600\" srcset=\"https:\/\/www.casariche.es\/wp-content\/uploads\/2025\/11\/WhatsApp-Image-2025-11-24-at-11.46.25.jpeg 1143w, https:\/\/www.casariche.es\/wp-content\/uploads\/2025\/11\/WhatsApp-Image-2025-11-24-at-11.46.25-214x300.jpeg 214w, https:\/\/www.casariche.es\/wp-content\/uploads\/2025\/11\/WhatsApp-Image-2025-11-24-at-11.46.25-732x1024.jpeg 732w, https:\/\/www.casariche.es\/wp-content\/uploads\/2025\/11\/WhatsApp-Image-2025-11-24-at-11.46.25-768x1075.jpeg 768w, https:\/\/www.casariche.es\/wp-content\/uploads\/2025\/11\/WhatsApp-Image-2025-11-24-at-11.46.25-1097x1536.jpeg 1097w\" sizes=\"auto, (max-width: 1143px) 100vw, 1143px\" \/> <img loading=\"lazy\" decoding=\"async\" class=\"alignnone size-full wp-image-78904\" src=\"http:\/\/www.casariche.es\/wp-content\/uploads\/2025\/11\/WhatsApp-Image-2025-11-24-at-10.50.54.jpeg\" alt=\"\" width=\"1131\" height=\"1600\" srcset=\"https:\/\/www.casariche.es\/wp-content\/uploads\/2025\/11\/WhatsApp-Image-2025-11-24-at-10.50.54.jpeg 1131w, https:\/\/www.casariche.es\/wp-content\/uploads\/2025\/11\/WhatsApp-Image-2025-11-24-at-10.50.54-212x300.jpeg 212w, https:\/\/www.casariche.es\/wp-content\/uploads\/2025\/11\/WhatsApp-Image-2025-11-24-at-10.50.54-724x1024.jpeg 724w, https:\/\/www.casariche.es\/wp-content\/uploads\/2025\/11\/WhatsApp-Image-2025-11-24-at-10.50.54-768x1086.jpeg 768w, https:\/\/www.casariche.es\/wp-content\/uploads\/2025\/11\/WhatsApp-Image-2025-11-24-at-10.50.54-1086x1536.jpeg 1086w\" sizes=\"auto, (max-width: 1131px) 100vw, 1131px\" \/><\/p>\n","protected":false},"excerpt":{"rendered":"<p>El Festival Internacional de Cortometrajes de Justicia Social y Derechos Humanos Atalaya Fest contin\u00faa ampliando su programaci\u00f3n oficial con la incorporaci\u00f3n de dos nuevas obras<\/p>\n","protected":false},"author":2,"featured_media":78904,"comment_status":"closed","ping_status":"closed","sticky":false,"template":"","format":"standard","meta":{"footnotes":""},"categories":[1],"tags":[],"class_list":["post-78900","post","type-post","status-publish","format-standard","has-post-thumbnail","hentry","category-sin-categoria"],"_links":{"self":[{"href":"https:\/\/www.casariche.es\/index.php?rest_route=\/wp\/v2\/posts\/78900","targetHints":{"allow":["GET"]}}],"collection":[{"href":"https:\/\/www.casariche.es\/index.php?rest_route=\/wp\/v2\/posts"}],"about":[{"href":"https:\/\/www.casariche.es\/index.php?rest_route=\/wp\/v2\/types\/post"}],"author":[{"embeddable":true,"href":"https:\/\/www.casariche.es\/index.php?rest_route=\/wp\/v2\/users\/2"}],"replies":[{"embeddable":true,"href":"https:\/\/www.casariche.es\/index.php?rest_route=%2Fwp%2Fv2%2Fcomments&post=78900"}],"version-history":[{"count":2,"href":"https:\/\/www.casariche.es\/index.php?rest_route=\/wp\/v2\/posts\/78900\/revisions"}],"predecessor-version":[{"id":78916,"href":"https:\/\/www.casariche.es\/index.php?rest_route=\/wp\/v2\/posts\/78900\/revisions\/78916"}],"wp:featuredmedia":[{"embeddable":true,"href":"https:\/\/www.casariche.es\/index.php?rest_route=\/wp\/v2\/media\/78904"}],"wp:attachment":[{"href":"https:\/\/www.casariche.es\/index.php?rest_route=%2Fwp%2Fv2%2Fmedia&parent=78900"}],"wp:term":[{"taxonomy":"category","embeddable":true,"href":"https:\/\/www.casariche.es\/index.php?rest_route=%2Fwp%2Fv2%2Fcategories&post=78900"},{"taxonomy":"post_tag","embeddable":true,"href":"https:\/\/www.casariche.es\/index.php?rest_route=%2Fwp%2Fv2%2Ftags&post=78900"}],"curies":[{"name":"wp","href":"https:\/\/api.w.org\/{rel}","templated":true}]}}