{"id":78875,"date":"2025-11-24T09:00:36","date_gmt":"2025-11-24T08:00:36","guid":{"rendered":"https:\/\/www.casariche.es\/?p=78875"},"modified":"2025-12-10T11:41:33","modified_gmt":"2025-12-10T10:41:33","slug":"casariche-presenta-su-amplia-y-variada-programacion-para-celebrar-la-navidad-2025","status":"publish","type":"post","link":"https:\/\/www.casariche.es\/?p=78875","title":{"rendered":"Casariche presenta su amplia y variada programaci\u00f3n para celebrar la Navidad 2025"},"content":{"rendered":"<p style=\"text-align: justify;\" data-start=\"245\" data-end=\"626\">El Ayuntamiento de Casariche, a trav\u00e9s de sus Delegaciones de Cultura y Festejos, tiene hoy el placer de dar a conocer la <strong data-start=\"348\" data-end=\"373\">programaci\u00f3n navide\u00f1a 2025<\/strong>, un conjunto de actividades que llenar\u00e1n de m\u00fasica, tradici\u00f3n, teatro y convivencia las pr\u00f3ximas semanas. Las propuestas, dirigidas a todos los p\u00fablicos, <strong>se desarrollar\u00e1n entre el 28 de noviembre y el 5 de enero<\/strong>\u00a0en distintos espacios de nuestra localidad.<\/p>\n<p style=\"text-align: justify;\" data-start=\"628\" data-end=\"949\">Las celebraciones arrancan el <strong data-start=\"658\" data-end=\"677\">28 de noviembre<\/strong> <strong>con el tradicional encendido del alumbrado navide\u00f1o en la Plaza Alcalde Jos\u00e9 Ram\u00f3n Parrado Cano<\/strong>, un acto que marcar\u00e1 el inicio oficial de estas fiestas.<\/p>\n<p style=\"text-align: justify;\" data-start=\"628\" data-end=\"949\">Desde esa fecha, tanto nuestros vecinos y vecinas quienes nos visiten podr\u00e1n disfrutar de numerosas actividades culturales y festivas que engalanar\u00e1n nuestra Navidad y culminar\u00e1n el <strong data-start=\"2119\" data-end=\"2133\">5 de enero<\/strong> con la esperada <strong data-start=\"2150\" data-end=\"2197\">Cabalgata de Sus Majestades Los Reyes Magos<\/strong>, que recorrer\u00e1 las calles del municipio y llenar\u00e1 de ilusi\u00f3n la v\u00edspera del d\u00eda m\u00e1s m\u00e1gico del a\u00f1o.<\/p>\n<p style=\"text-align: justify;\" data-start=\"2299\" data-end=\"2618\">Desde el Ayuntamiento, ponemos a vuestra disposici\u00f3n este calendario de actividades para que pod\u00e1is tomar buena nota de toda esta programaci\u00f3n y os animamos a participar en estas propuestas dise\u00f1adas para disfrutar en familia.<\/p>\n<p style=\"text-align: justify;\" data-start=\"2299\" data-end=\"2618\"><img loading=\"lazy\" decoding=\"async\" class=\"alignnone size-full wp-image-79450\" src=\"http:\/\/www.casariche.es\/wp-content\/uploads\/2025\/11\/WhatsApp-Image-2025-12-10-at-10.37.06.jpeg\" alt=\"\" width=\"1131\" height=\"1600\" srcset=\"https:\/\/www.casariche.es\/wp-content\/uploads\/2025\/11\/WhatsApp-Image-2025-12-10-at-10.37.06.jpeg 1131w, https:\/\/www.casariche.es\/wp-content\/uploads\/2025\/11\/WhatsApp-Image-2025-12-10-at-10.37.06-212x300.jpeg 212w, https:\/\/www.casariche.es\/wp-content\/uploads\/2025\/11\/WhatsApp-Image-2025-12-10-at-10.37.06-724x1024.jpeg 724w, https:\/\/www.casariche.es\/wp-content\/uploads\/2025\/11\/WhatsApp-Image-2025-12-10-at-10.37.06-768x1086.jpeg 768w, https:\/\/www.casariche.es\/wp-content\/uploads\/2025\/11\/WhatsApp-Image-2025-12-10-at-10.37.06-1086x1536.jpeg 1086w\" sizes=\"auto, (max-width: 1131px) 100vw, 1131px\" \/><\/p>\n<p data-start=\"2299\" data-end=\"2618\">\n","protected":false},"excerpt":{"rendered":"<p>El Ayuntamiento de Casariche, a trav\u00e9s de sus Delegaciones de Cultura y Festejos, tiene hoy el placer de dar a conocer la programaci\u00f3n navide\u00f1a 2025,<\/p>\n","protected":false},"author":2,"featured_media":79450,"comment_status":"closed","ping_status":"closed","sticky":false,"template":"","format":"standard","meta":{"footnotes":""},"categories":[1],"tags":[],"class_list":["post-78875","post","type-post","status-publish","format-standard","has-post-thumbnail","hentry","category-sin-categoria"],"_links":{"self":[{"href":"https:\/\/www.casariche.es\/index.php?rest_route=\/wp\/v2\/posts\/78875","targetHints":{"allow":["GET"]}}],"collection":[{"href":"https:\/\/www.casariche.es\/index.php?rest_route=\/wp\/v2\/posts"}],"about":[{"href":"https:\/\/www.casariche.es\/index.php?rest_route=\/wp\/v2\/types\/post"}],"author":[{"embeddable":true,"href":"https:\/\/www.casariche.es\/index.php?rest_route=\/wp\/v2\/users\/2"}],"replies":[{"embeddable":true,"href":"https:\/\/www.casariche.es\/index.php?rest_route=%2Fwp%2Fv2%2Fcomments&post=78875"}],"version-history":[{"count":5,"href":"https:\/\/www.casariche.es\/index.php?rest_route=\/wp\/v2\/posts\/78875\/revisions"}],"predecessor-version":[{"id":79451,"href":"https:\/\/www.casariche.es\/index.php?rest_route=\/wp\/v2\/posts\/78875\/revisions\/79451"}],"wp:featuredmedia":[{"embeddable":true,"href":"https:\/\/www.casariche.es\/index.php?rest_route=\/wp\/v2\/media\/79450"}],"wp:attachment":[{"href":"https:\/\/www.casariche.es\/index.php?rest_route=%2Fwp%2Fv2%2Fmedia&parent=78875"}],"wp:term":[{"taxonomy":"category","embeddable":true,"href":"https:\/\/www.casariche.es\/index.php?rest_route=%2Fwp%2Fv2%2Fcategories&post=78875"},{"taxonomy":"post_tag","embeddable":true,"href":"https:\/\/www.casariche.es\/index.php?rest_route=%2Fwp%2Fv2%2Ftags&post=78875"}],"curies":[{"name":"wp","href":"https:\/\/api.w.org\/{rel}","templated":true}]}}