{"id":78862,"date":"2025-11-21T15:00:28","date_gmt":"2025-11-21T14:00:28","guid":{"rendered":"https:\/\/www.casariche.es\/?p=78862"},"modified":"2025-11-21T16:59:00","modified_gmt":"2025-11-21T15:59:00","slug":"anaglifo-y-nachtgesichter-dos-nuevas-obras-que-estaran-presentes-en-el-atalaya-fest","status":"publish","type":"post","link":"https:\/\/www.casariche.es\/?p=78862","title":{"rendered":"\u00abAnaglifo\u00bb y \u00abNachtgesichter\u00bb, dos nuevas obras que estar\u00e1n presentes en el Atalaya Fest"},"content":{"rendered":"<p style=\"text-align: justify;\">Este diciembre, nuestro teatro acoge el I <strong>Festival Internacional de Cortometrajes de Justicia Social y Derechos Humanos,<\/strong>\u00a0que contar\u00e1 con la proyecci\u00f3n de obras que no dejar\u00e1n indiferente a nadie. Hoy os desvelamos otras dos.<\/p>\n<p style=\"text-align: justify;\" data-start=\"315\" data-end=\"524\">Por un lado, <em data-start=\"328\" data-end=\"338\">Anaglifo<\/em>, (@anaglifo_animationshortfilm)<strong> el cortometraje de animaci\u00f3n de Vale Comba, que nos invita a reflexionar sobre c\u00f3mo las peque\u00f1as cosas pueden llegar a superarnos, a trav\u00e9s de un lenguaje visual sorprendente. Una obra que aborda con sensibilidad y creatividad las emociones cotidianas y la complejidad de la vida interior.<\/strong><\/p>\n<p style=\"text-align: justify;\" data-start=\"526\" data-end=\"798\">Por otro, <em data-start=\"536\" data-end=\"552\">Nachtgesichter<\/em>, dirigido por Martin Winter (@mwairnttienr) y Stefan Langthaler (@stef.anius) que mostrar\u00e1 al espectador <strong>el inesperado viaje nocturno de un taxista y su \u00faltima cliente por las calles de Viena<\/strong>. Sin duda, se trata de una obra magn\u00edfica que combina narrativa envolvente y est\u00e9tica cuidada, ofreciendo al p\u00fablico una experiencia cinematogr\u00e1fica \u00fanica.<\/p>\n<p style=\"text-align: justify;\" data-start=\"800\" data-end=\"954\"><strong>Ambos cortos podr\u00e1n verse del 5 al 7 de diciembre en nuestro teatro municipal cuya entrada es gratuita hasta completar aforo.\u00a0<\/strong><\/p>\n<p data-start=\"800\" data-end=\"954\">\u00a1No os lo pod\u00e9is perder!<\/p>\n<p data-start=\"800\" data-end=\"954\"><img loading=\"lazy\" decoding=\"async\" class=\"alignnone size-full wp-image-78864\" src=\"http:\/\/www.casariche.es\/wp-content\/uploads\/2025\/11\/WhatsApp-Image-2025-11-21-at-10.27.31.jpeg\" alt=\"\" width=\"1119\" height=\"1600\" srcset=\"https:\/\/www.casariche.es\/wp-content\/uploads\/2025\/11\/WhatsApp-Image-2025-11-21-at-10.27.31.jpeg 1119w, https:\/\/www.casariche.es\/wp-content\/uploads\/2025\/11\/WhatsApp-Image-2025-11-21-at-10.27.31-210x300.jpeg 210w, https:\/\/www.casariche.es\/wp-content\/uploads\/2025\/11\/WhatsApp-Image-2025-11-21-at-10.27.31-716x1024.jpeg 716w, https:\/\/www.casariche.es\/wp-content\/uploads\/2025\/11\/WhatsApp-Image-2025-11-21-at-10.27.31-768x1098.jpeg 768w, https:\/\/www.casariche.es\/wp-content\/uploads\/2025\/11\/WhatsApp-Image-2025-11-21-at-10.27.31-1074x1536.jpeg 1074w\" sizes=\"auto, (max-width: 1119px) 100vw, 1119px\" \/><\/p>\n<p data-start=\"800\" data-end=\"954\"><img loading=\"lazy\" decoding=\"async\" class=\"alignnone size-full wp-image-78863\" src=\"http:\/\/www.casariche.es\/wp-content\/uploads\/2025\/11\/WhatsApp-Image-2025-11-21-at-10.27.31-1.jpeg\" alt=\"\" width=\"1131\" height=\"1600\" srcset=\"https:\/\/www.casariche.es\/wp-content\/uploads\/2025\/11\/WhatsApp-Image-2025-11-21-at-10.27.31-1.jpeg 1131w, https:\/\/www.casariche.es\/wp-content\/uploads\/2025\/11\/WhatsApp-Image-2025-11-21-at-10.27.31-1-212x300.jpeg 212w, https:\/\/www.casariche.es\/wp-content\/uploads\/2025\/11\/WhatsApp-Image-2025-11-21-at-10.27.31-1-724x1024.jpeg 724w, https:\/\/www.casariche.es\/wp-content\/uploads\/2025\/11\/WhatsApp-Image-2025-11-21-at-10.27.31-1-768x1086.jpeg 768w, https:\/\/www.casariche.es\/wp-content\/uploads\/2025\/11\/WhatsApp-Image-2025-11-21-at-10.27.31-1-1086x1536.jpeg 1086w\" sizes=\"auto, (max-width: 1131px) 100vw, 1131px\" \/><\/p>\n<p>&nbsp;<\/p>\n","protected":false},"excerpt":{"rendered":"<p>Este diciembre, nuestro teatro acoge el I Festival Internacional de Cortometrajes de Justicia Social y Derechos Humanos,\u00a0que contar\u00e1 con la proyecci\u00f3n de obras que no<\/p>\n","protected":false},"author":2,"featured_media":78864,"comment_status":"closed","ping_status":"closed","sticky":false,"template":"","format":"standard","meta":{"footnotes":""},"categories":[1],"tags":[],"class_list":["post-78862","post","type-post","status-publish","format-standard","has-post-thumbnail","hentry","category-sin-categoria"],"_links":{"self":[{"href":"https:\/\/www.casariche.es\/index.php?rest_route=\/wp\/v2\/posts\/78862","targetHints":{"allow":["GET"]}}],"collection":[{"href":"https:\/\/www.casariche.es\/index.php?rest_route=\/wp\/v2\/posts"}],"about":[{"href":"https:\/\/www.casariche.es\/index.php?rest_route=\/wp\/v2\/types\/post"}],"author":[{"embeddable":true,"href":"https:\/\/www.casariche.es\/index.php?rest_route=\/wp\/v2\/users\/2"}],"replies":[{"embeddable":true,"href":"https:\/\/www.casariche.es\/index.php?rest_route=%2Fwp%2Fv2%2Fcomments&post=78862"}],"version-history":[{"count":2,"href":"https:\/\/www.casariche.es\/index.php?rest_route=\/wp\/v2\/posts\/78862\/revisions"}],"predecessor-version":[{"id":78866,"href":"https:\/\/www.casariche.es\/index.php?rest_route=\/wp\/v2\/posts\/78862\/revisions\/78866"}],"wp:featuredmedia":[{"embeddable":true,"href":"https:\/\/www.casariche.es\/index.php?rest_route=\/wp\/v2\/media\/78864"}],"wp:attachment":[{"href":"https:\/\/www.casariche.es\/index.php?rest_route=%2Fwp%2Fv2%2Fmedia&parent=78862"}],"wp:term":[{"taxonomy":"category","embeddable":true,"href":"https:\/\/www.casariche.es\/index.php?rest_route=%2Fwp%2Fv2%2Fcategories&post=78862"},{"taxonomy":"post_tag","embeddable":true,"href":"https:\/\/www.casariche.es\/index.php?rest_route=%2Fwp%2Fv2%2Ftags&post=78862"}],"curies":[{"name":"wp","href":"https:\/\/api.w.org\/{rel}","templated":true}]}}