{"id":78795,"date":"2025-11-20T15:00:23","date_gmt":"2025-11-20T14:00:23","guid":{"rendered":"https:\/\/www.casariche.es\/?p=78795"},"modified":"2025-11-20T15:05:15","modified_gmt":"2025-11-20T14:05:15","slug":"normal-un-cortometraje-revelador-de-tania-medina-se-proyectara-en-el-atalaya-fest","status":"publish","type":"post","link":"https:\/\/www.casariche.es\/?p=78795","title":{"rendered":"\u2018Normal\u2019, un cortometraje revelador de Tania Medina, se proyectar\u00e1 en el &#8216;Atalaya Fest&#8217;"},"content":{"rendered":"<p style=\"text-align: justify;\" data-start=\"171\" data-end=\"481\"><strong>Tania Medina<\/strong> (@taniaamedinaa) <strong data-start=\"201\" data-end=\"234\">escribe, dirige y protagoniza<\/strong> <strong>el cortometraje \u2018Normal\u2019, que formar\u00e1 parte del I Festival Internacional de Cortometrajes de Justicia Social y Derechos Humanos \u2018Atalaya Fest\u2019, que se celebrar\u00e1 en Casariche los d\u00edas 5, 6 y 7 de diciembre<\/strong> en el Teatro Municipal.<\/p>\n<p style=\"text-align: justify;\" data-start=\"483\" data-end=\"682\">Esta primera edici\u00f3n del festival reunir\u00e1 <strong>propuestas nacionales e internacionales comprometidas con la defensa de los derechos humanos, la reflexi\u00f3n social y la diversidad cultural.<\/strong><\/p>\n<p style=\"text-align: justify;\" data-start=\"684\" data-end=\"1085\">Este revelador cortometraje <strong>aborda de manera original y profunda un tema de gran trascendencia social,<\/strong> invitando al p\u00fablico a reflexionar mientras disfruta de una narrativa fresca y emotiva.<\/p>\n<p style=\"text-align: justify;\" data-start=\"1087\" data-end=\"1126\" data-is-last-node=\"\" data-is-only-node=\"\">\u00a1Una obra que no te puedes perder!<\/p>\n<p data-start=\"1087\" data-end=\"1126\" data-is-last-node=\"\" data-is-only-node=\"\"><img loading=\"lazy\" decoding=\"async\" class=\"alignnone size-full wp-image-78800\" src=\"http:\/\/www.casariche.es\/wp-content\/uploads\/2025\/11\/7-normal.jpg\" alt=\"\" width=\"1131\" height=\"1600\" srcset=\"https:\/\/www.casariche.es\/wp-content\/uploads\/2025\/11\/7-normal.jpg 1131w, https:\/\/www.casariche.es\/wp-content\/uploads\/2025\/11\/7-normal-212x300.jpg 212w, https:\/\/www.casariche.es\/wp-content\/uploads\/2025\/11\/7-normal-724x1024.jpg 724w, https:\/\/www.casariche.es\/wp-content\/uploads\/2025\/11\/7-normal-768x1086.jpg 768w, https:\/\/www.casariche.es\/wp-content\/uploads\/2025\/11\/7-normal-1086x1536.jpg 1086w\" sizes=\"auto, (max-width: 1131px) 100vw, 1131px\" \/><\/p>\n","protected":false},"excerpt":{"rendered":"<p>Tania Medina (@taniaamedinaa) escribe, dirige y protagoniza el cortometraje \u2018Normal\u2019, que formar\u00e1 parte del I Festival Internacional de Cortometrajes de Justicia Social y Derechos Humanos<\/p>\n","protected":false},"author":2,"featured_media":78800,"comment_status":"closed","ping_status":"closed","sticky":false,"template":"","format":"standard","meta":{"footnotes":""},"categories":[1],"tags":[],"class_list":["post-78795","post","type-post","status-publish","format-standard","has-post-thumbnail","hentry","category-sin-categoria"],"_links":{"self":[{"href":"https:\/\/www.casariche.es\/index.php?rest_route=\/wp\/v2\/posts\/78795","targetHints":{"allow":["GET"]}}],"collection":[{"href":"https:\/\/www.casariche.es\/index.php?rest_route=\/wp\/v2\/posts"}],"about":[{"href":"https:\/\/www.casariche.es\/index.php?rest_route=\/wp\/v2\/types\/post"}],"author":[{"embeddable":true,"href":"https:\/\/www.casariche.es\/index.php?rest_route=\/wp\/v2\/users\/2"}],"replies":[{"embeddable":true,"href":"https:\/\/www.casariche.es\/index.php?rest_route=%2Fwp%2Fv2%2Fcomments&post=78795"}],"version-history":[{"count":2,"href":"https:\/\/www.casariche.es\/index.php?rest_route=\/wp\/v2\/posts\/78795\/revisions"}],"predecessor-version":[{"id":78801,"href":"https:\/\/www.casariche.es\/index.php?rest_route=\/wp\/v2\/posts\/78795\/revisions\/78801"}],"wp:featuredmedia":[{"embeddable":true,"href":"https:\/\/www.casariche.es\/index.php?rest_route=\/wp\/v2\/media\/78800"}],"wp:attachment":[{"href":"https:\/\/www.casariche.es\/index.php?rest_route=%2Fwp%2Fv2%2Fmedia&parent=78795"}],"wp:term":[{"taxonomy":"category","embeddable":true,"href":"https:\/\/www.casariche.es\/index.php?rest_route=%2Fwp%2Fv2%2Fcategories&post=78795"},{"taxonomy":"post_tag","embeddable":true,"href":"https:\/\/www.casariche.es\/index.php?rest_route=%2Fwp%2Fv2%2Ftags&post=78795"}],"curies":[{"name":"wp","href":"https:\/\/api.w.org\/{rel}","templated":true}]}}