{"id":78334,"date":"2025-11-07T11:00:15","date_gmt":"2025-11-07T10:00:15","guid":{"rendered":"https:\/\/www.casariche.es\/?p=78334"},"modified":"2025-11-07T11:26:53","modified_gmt":"2025-11-07T10:26:53","slug":"78334","status":"publish","type":"post","link":"https:\/\/www.casariche.es\/?p=78334","title":{"rendered":"La Cadena SER se ha hecho eco del Festival Internacional de Cortometrajes \u201cAtalaya\u201d"},"content":{"rendered":"<p style=\"text-align: justify;\" data-start=\"241\" data-end=\"568\">Cada vez est\u00e1 m\u00e1s cerca, los pr\u00f3ximos <strong data-start=\"288\" data-end=\"321\">5, 6 y 7 de diciembre de 2025<\/strong>, <strong>la primera edici\u00f3n del Festival Internacional de Cortometrajes de Justicia Social y Derechos Humanos \u201cAtalaya\u201d<\/strong>, un evento que nace con el objetivo de convertirse en un referente cultural y de compromiso social.<\/p>\n<p style=\"text-align: justify;\" data-start=\"570\" data-end=\"858\">En la jornada de ayer, <strong>la Cadena SER Andaluc\u00eda Centro entrevist\u00f3 a nuestro Concejal de Cultura y Patrimonio,<\/strong> Juan Jos\u00e9 Pozo, quien inform\u00f3 sobre esta cita cinematogr\u00e1fica que busca poner en valor el poder del s\u00e9ptimo arte como herramienta de transformaci\u00f3n y conciencia social.<\/p>\n<p style=\"text-align: justify;\" data-start=\"860\" data-end=\"1120\"><strong>El plazo de admisi\u00f3n de cortometrajes concluye hoy, 7 de noviembre, salvo en la categor\u00eda especial \u201cSierra Sur\u201d, que permanecer\u00e1 abierta hasta el pr\u00f3ximo 16 de noviembre<\/strong>, dando as\u00ed una oportunidad adicional a los creadores locales y comarcales.<\/p>\n<p style=\"text-align: justify;\" data-start=\"860\" data-end=\"1120\">Puedes escuchar la entrevista completa en: https:\/\/www.andaluciacentro.com\/sevilla\/estepa\/casariche\/52603\/casariche-organiza-el-festival-internacional-de-cortometrajes-atalaya<\/p>\n<p style=\"text-align: justify;\" data-start=\"860\" data-end=\"1120\"><img loading=\"lazy\" decoding=\"async\" class=\"alignnone size-full wp-image-78337\" src=\"http:\/\/www.casariche.es\/wp-content\/uploads\/2025\/11\/festival-cortos-en-la-cadena-ser.jpg\" alt=\"\" width=\"700\" height=\"420\" srcset=\"https:\/\/www.casariche.es\/wp-content\/uploads\/2025\/11\/festival-cortos-en-la-cadena-ser.jpg 700w, https:\/\/www.casariche.es\/wp-content\/uploads\/2025\/11\/festival-cortos-en-la-cadena-ser-300x180.jpg 300w\" sizes=\"auto, (max-width: 700px) 100vw, 700px\" \/><\/p>\n","protected":false},"excerpt":{"rendered":"<p>Cada vez est\u00e1 m\u00e1s cerca, los pr\u00f3ximos 5, 6 y 7 de diciembre de 2025, la primera edici\u00f3n del Festival Internacional de Cortometrajes de Justicia<\/p>\n","protected":false},"author":2,"featured_media":78337,"comment_status":"closed","ping_status":"closed","sticky":false,"template":"","format":"standard","meta":{"footnotes":""},"categories":[1],"tags":[],"class_list":["post-78334","post","type-post","status-publish","format-standard","has-post-thumbnail","hentry","category-sin-categoria"],"_links":{"self":[{"href":"https:\/\/www.casariche.es\/index.php?rest_route=\/wp\/v2\/posts\/78334","targetHints":{"allow":["GET"]}}],"collection":[{"href":"https:\/\/www.casariche.es\/index.php?rest_route=\/wp\/v2\/posts"}],"about":[{"href":"https:\/\/www.casariche.es\/index.php?rest_route=\/wp\/v2\/types\/post"}],"author":[{"embeddable":true,"href":"https:\/\/www.casariche.es\/index.php?rest_route=\/wp\/v2\/users\/2"}],"replies":[{"embeddable":true,"href":"https:\/\/www.casariche.es\/index.php?rest_route=%2Fwp%2Fv2%2Fcomments&post=78334"}],"version-history":[{"count":6,"href":"https:\/\/www.casariche.es\/index.php?rest_route=\/wp\/v2\/posts\/78334\/revisions"}],"predecessor-version":[{"id":78345,"href":"https:\/\/www.casariche.es\/index.php?rest_route=\/wp\/v2\/posts\/78334\/revisions\/78345"}],"wp:featuredmedia":[{"embeddable":true,"href":"https:\/\/www.casariche.es\/index.php?rest_route=\/wp\/v2\/media\/78337"}],"wp:attachment":[{"href":"https:\/\/www.casariche.es\/index.php?rest_route=%2Fwp%2Fv2%2Fmedia&parent=78334"}],"wp:term":[{"taxonomy":"category","embeddable":true,"href":"https:\/\/www.casariche.es\/index.php?rest_route=%2Fwp%2Fv2%2Fcategories&post=78334"},{"taxonomy":"post_tag","embeddable":true,"href":"https:\/\/www.casariche.es\/index.php?rest_route=%2Fwp%2Fv2%2Ftags&post=78334"}],"curies":[{"name":"wp","href":"https:\/\/api.w.org\/{rel}","templated":true}]}}