{"id":77166,"date":"2025-10-02T11:00:49","date_gmt":"2025-10-02T09:00:49","guid":{"rendered":"https:\/\/www.casariche.es\/?p=77166"},"modified":"2025-10-10T17:05:10","modified_gmt":"2025-10-10T15:05:10","slug":"casariche-se-une-un-ano-mas-en-la-lucha-contra-el-cancer-de-mama-con-la-xi-marcha-solidaria-de-la-aecc","status":"publish","type":"post","link":"https:\/\/www.casariche.es\/?p=77166","title":{"rendered":"Casariche se une un a\u00f1o m\u00e1s en la lucha contra el c\u00e1ncer de mama con la XI Marcha Solidaria de la AECC"},"content":{"rendered":"<p style=\"text-align: justify;\" data-start=\"362\" data-end=\"733\">Como cada octubre, <strong>Casariche se prepara para la celebraci\u00f3n de la ya tradicional Marcha contra el C\u00e1ncer de Mama,<\/strong> organizada por la Junta Local de la AECC Casariche. Este a\u00f1o se celebra la <strong>und\u00e9cima edici\u00f3n<\/strong> de este evento solidario que une a vecinos y vecinas en una misma causa.<\/p>\n<p style=\"text-align: justify;\" data-start=\"735\" data-end=\"1047\"><strong>La marcha tendr\u00e1 lugar el domingo 19 de octubre a las 11:00 horas, con salida y meta en la Plaza Alcalde Jos\u00e9 Ram\u00f3n Parrado Cano<\/strong>, tal y como viene siendo habitual en ediciones anteriores.<\/p>\n<p style=\"text-align: justify;\" data-start=\"1049\" data-end=\"1465\">Desde la Junta Local de la AECC Casariche, nos informan que <strong>ya est\u00e1n disponibles las camisetas oficiales de la marcha, con el lema &#8216;Casariche en marcha contra el c\u00e1ncer&#8217;, al precio simb\u00f3lico de 6\u20ac, que act\u00faa adem\u00e1s como inscripci\u00f3n al evento.\u00a0 Pueden adquirirse en el punto de venta ubicado en la C\/ Ra\u00fal Berral (junto a la Tertulia de Las Mellizas), de lunes a viernes, en horario de 10:30h a 13:00h por las ma\u00f1anas y de 18:00h a 20:00h por las tardes.<\/strong><\/p>\n<p style=\"text-align: justify;\" data-start=\"1692\" data-end=\"1787\">\u00a1No faltes a esta cita solidaria! Porque cada paso cuenta en la lucha contra el c\u00e1ncer de mama.<\/p>\n<p data-start=\"1692\" data-end=\"1787\">\n<p data-start=\"1692\" data-end=\"1787\"><img loading=\"lazy\" decoding=\"async\" class=\"alignnone size-full wp-image-77558\" src=\"http:\/\/www.casariche.es\/wp-content\/uploads\/2025\/10\/ok-marcha-cancer-2025.jpeg\" alt=\"\" width=\"1131\" height=\"1600\" srcset=\"https:\/\/www.casariche.es\/wp-content\/uploads\/2025\/10\/ok-marcha-cancer-2025.jpeg 1131w, https:\/\/www.casariche.es\/wp-content\/uploads\/2025\/10\/ok-marcha-cancer-2025-212x300.jpeg 212w, https:\/\/www.casariche.es\/wp-content\/uploads\/2025\/10\/ok-marcha-cancer-2025-724x1024.jpeg 724w, https:\/\/www.casariche.es\/wp-content\/uploads\/2025\/10\/ok-marcha-cancer-2025-768x1086.jpeg 768w, https:\/\/www.casariche.es\/wp-content\/uploads\/2025\/10\/ok-marcha-cancer-2025-1086x1536.jpeg 1086w\" sizes=\"auto, (max-width: 1131px) 100vw, 1131px\" \/><a id=\"remove-post-thumbnail\" href=\"https:\/\/www.casariche.es\/wp-admin\/post.php?post=77166&amp;action=edit#\">Eliminar la imagen destacada<\/a><\/p>\n<p data-start=\"1692\" data-end=\"1787\"><img loading=\"lazy\" decoding=\"async\" class=\"alignnone size-full wp-image-77175\" src=\"http:\/\/www.casariche.es\/wp-content\/uploads\/2025\/09\/camisetamarcha19oct.jpg\" alt=\"\" width=\"1527\" height=\"985\" srcset=\"https:\/\/www.casariche.es\/wp-content\/uploads\/2025\/09\/camisetamarcha19oct.jpg 1527w, https:\/\/www.casariche.es\/wp-content\/uploads\/2025\/09\/camisetamarcha19oct-300x194.jpg 300w, https:\/\/www.casariche.es\/wp-content\/uploads\/2025\/09\/camisetamarcha19oct-1024x661.jpg 1024w, https:\/\/www.casariche.es\/wp-content\/uploads\/2025\/09\/camisetamarcha19oct-768x495.jpg 768w\" sizes=\"auto, (max-width: 1527px) 100vw, 1527px\" \/><\/p>\n<p data-start=\"1692\" data-end=\"1787\">\n","protected":false},"excerpt":{"rendered":"<p>Como cada octubre, Casariche se prepara para la celebraci\u00f3n de la ya tradicional Marcha contra el C\u00e1ncer de Mama, organizada por la Junta Local de<\/p>\n","protected":false},"author":2,"featured_media":77558,"comment_status":"closed","ping_status":"closed","sticky":false,"template":"","format":"standard","meta":{"footnotes":""},"categories":[1],"tags":[256,737,253],"class_list":["post-77166","post","type-post","status-publish","format-standard","has-post-thumbnail","hentry","category-sin-categoria","tag-cancer","tag-mama","tag-marcha"],"_links":{"self":[{"href":"https:\/\/www.casariche.es\/index.php?rest_route=\/wp\/v2\/posts\/77166","targetHints":{"allow":["GET"]}}],"collection":[{"href":"https:\/\/www.casariche.es\/index.php?rest_route=\/wp\/v2\/posts"}],"about":[{"href":"https:\/\/www.casariche.es\/index.php?rest_route=\/wp\/v2\/types\/post"}],"author":[{"embeddable":true,"href":"https:\/\/www.casariche.es\/index.php?rest_route=\/wp\/v2\/users\/2"}],"replies":[{"embeddable":true,"href":"https:\/\/www.casariche.es\/index.php?rest_route=%2Fwp%2Fv2%2Fcomments&post=77166"}],"version-history":[{"count":10,"href":"https:\/\/www.casariche.es\/index.php?rest_route=\/wp\/v2\/posts\/77166\/revisions"}],"predecessor-version":[{"id":77559,"href":"https:\/\/www.casariche.es\/index.php?rest_route=\/wp\/v2\/posts\/77166\/revisions\/77559"}],"wp:featuredmedia":[{"embeddable":true,"href":"https:\/\/www.casariche.es\/index.php?rest_route=\/wp\/v2\/media\/77558"}],"wp:attachment":[{"href":"https:\/\/www.casariche.es\/index.php?rest_route=%2Fwp%2Fv2%2Fmedia&parent=77166"}],"wp:term":[{"taxonomy":"category","embeddable":true,"href":"https:\/\/www.casariche.es\/index.php?rest_route=%2Fwp%2Fv2%2Fcategories&post=77166"},{"taxonomy":"post_tag","embeddable":true,"href":"https:\/\/www.casariche.es\/index.php?rest_route=%2Fwp%2Fv2%2Ftags&post=77166"}],"curies":[{"name":"wp","href":"https:\/\/api.w.org\/{rel}","templated":true}]}}