{"id":77110,"date":"2025-10-01T09:30:56","date_gmt":"2025-10-01T07:30:56","guid":{"rendered":"https:\/\/www.casariche.es\/?p=77110"},"modified":"2025-09-30T16:21:23","modified_gmt":"2025-09-30T14:21:23","slug":"casariche-recupera-los-nombres-populares-de-sus-calles","status":"publish","type":"post","link":"https:\/\/www.casariche.es\/?p=77110","title":{"rendered":"Casariche recupera los nombres populares de sus calles"},"content":{"rendered":"<p style=\"text-align: justify;\" data-start=\"259\" data-end=\"527\">El Ayuntamiento de Casariche pone en marcha una <strong>emotiva iniciativa a trav\u00e9s de la que se pretende poner en valor los nombres populares con los que, durante generaciones, los vecinos y vecinas de nuestro pueblo han conocido las calles de nuestra localidad<\/strong>.<\/p>\n<p style=\"text-align: justify;\"><span style=\"font-weight: 400;\">En dicho acto se descubrir\u00e1 un azulejo con el nombre con el que se ha conocido esta calle popularmente, acompa\u00f1ado de un c\u00f3digo QR que permitir\u00e1 acceder a informaci\u00f3n sobre el origen y la historia de este nombre tradicional.\u00a0<\/span><\/p>\n<p style=\"text-align: justify;\"><span style=\"font-weight: 400;\">Este nuevo proyecto no implica ning\u00fan cambio en los nombres actuales de las calles, que <\/span><b>se mantendr\u00e1n tal y como los conocemos hoy en d\u00eda<\/b><span style=\"font-weight: 400;\">. Se trata de una iniciativa pensada para <\/span><b>acercar a las nuevas generaciones a la historia de nuestro pueblo<\/b><strong> y, al mismo tiempo, <\/strong><b>mantener viva la memoria y la identidad de Casariche<\/b><span style=\"font-weight: 400;\">.<\/span><\/p>\n<p style=\"text-align: justify;\" data-start=\"843\" data-end=\"988\">Este viernes, <strong>3 de octubre a las 19:00h de la tarde, se proceder\u00e1 al descubrimiento de las primeras placas con los nombres tradicionales de nuestras calles<\/strong>. Estas son:<\/p>\n<ul style=\"text-align: justify;\" data-start=\"990\" data-end=\"1176\">\n<li><strong data-start=\"1089\" data-end=\"1125\">Calle M\u00e9dico G\u00f3mez de las Cuevas<\/strong>, tradicionalmente llamada <strong data-start=\"1152\" data-end=\"1176\">\u00abCalle del Tel\u00e9fono\u00bb<\/strong><\/li>\n<li data-start=\"990\" data-end=\"1086\">\n<p data-start=\"992\" data-end=\"1086\"><strong data-start=\"992\" data-end=\"1019\">Calle Concepci\u00f3n Arenal<\/strong>, conocida como <strong data-start=\"1058\" data-end=\"1084\">\u00abCallej\u00f3n de la Matea\u00bb<\/strong><\/p>\n<\/li>\n<\/ul>\n<p style=\"text-align: justify;\" data-start=\"1342\" data-end=\"1570\">Esta actuaci\u00f3n se ir\u00e1 desarrollando <strong data-start=\"1422\" data-end=\"1470\">progresivamente en otras calles del municipio, con el firme objetivo de mantener viva por muchas generaciones m\u00e1s la historia de nuestro pueblo.\u00a0<\/strong><\/p>\n<p style=\"text-align: justify;\" data-start=\"1342\" data-end=\"1570\"><img loading=\"lazy\" decoding=\"async\" class=\"alignnone size-full wp-image-77117\" src=\"http:\/\/www.casariche.es\/wp-content\/uploads\/2025\/09\/Sky-Blue-Simple-Minimalist-Illustration-Do-More-Trash-Bash-Campaign-Facebook-Post-2025-09-26T093340.168.jpg\" alt=\"\" width=\"940\" height=\"788\" srcset=\"https:\/\/www.casariche.es\/wp-content\/uploads\/2025\/09\/Sky-Blue-Simple-Minimalist-Illustration-Do-More-Trash-Bash-Campaign-Facebook-Post-2025-09-26T093340.168.jpg 940w, https:\/\/www.casariche.es\/wp-content\/uploads\/2025\/09\/Sky-Blue-Simple-Minimalist-Illustration-Do-More-Trash-Bash-Campaign-Facebook-Post-2025-09-26T093340.168-300x251.jpg 300w, https:\/\/www.casariche.es\/wp-content\/uploads\/2025\/09\/Sky-Blue-Simple-Minimalist-Illustration-Do-More-Trash-Bash-Campaign-Facebook-Post-2025-09-26T093340.168-768x644.jpg 768w\" sizes=\"auto, (max-width: 940px) 100vw, 940px\" \/><\/p>\n","protected":false},"excerpt":{"rendered":"<p>El Ayuntamiento de Casariche pone en marcha una emotiva iniciativa a trav\u00e9s de la que se pretende poner en valor los nombres populares con los<\/p>\n","protected":false},"author":2,"featured_media":77117,"comment_status":"closed","ping_status":"closed","sticky":false,"template":"","format":"standard","meta":{"footnotes":""},"categories":[1],"tags":[],"class_list":["post-77110","post","type-post","status-publish","format-standard","has-post-thumbnail","hentry","category-sin-categoria"],"_links":{"self":[{"href":"https:\/\/www.casariche.es\/index.php?rest_route=\/wp\/v2\/posts\/77110","targetHints":{"allow":["GET"]}}],"collection":[{"href":"https:\/\/www.casariche.es\/index.php?rest_route=\/wp\/v2\/posts"}],"about":[{"href":"https:\/\/www.casariche.es\/index.php?rest_route=\/wp\/v2\/types\/post"}],"author":[{"embeddable":true,"href":"https:\/\/www.casariche.es\/index.php?rest_route=\/wp\/v2\/users\/2"}],"replies":[{"embeddable":true,"href":"https:\/\/www.casariche.es\/index.php?rest_route=%2Fwp%2Fv2%2Fcomments&post=77110"}],"version-history":[{"count":9,"href":"https:\/\/www.casariche.es\/index.php?rest_route=\/wp\/v2\/posts\/77110\/revisions"}],"predecessor-version":[{"id":77163,"href":"https:\/\/www.casariche.es\/index.php?rest_route=\/wp\/v2\/posts\/77110\/revisions\/77163"}],"wp:featuredmedia":[{"embeddable":true,"href":"https:\/\/www.casariche.es\/index.php?rest_route=\/wp\/v2\/media\/77117"}],"wp:attachment":[{"href":"https:\/\/www.casariche.es\/index.php?rest_route=%2Fwp%2Fv2%2Fmedia&parent=77110"}],"wp:term":[{"taxonomy":"category","embeddable":true,"href":"https:\/\/www.casariche.es\/index.php?rest_route=%2Fwp%2Fv2%2Fcategories&post=77110"},{"taxonomy":"post_tag","embeddable":true,"href":"https:\/\/www.casariche.es\/index.php?rest_route=%2Fwp%2Fv2%2Ftags&post=77110"}],"curies":[{"name":"wp","href":"https:\/\/api.w.org\/{rel}","templated":true}]}}