{"id":73322,"date":"2025-05-05T17:00:39","date_gmt":"2025-05-05T15:00:39","guid":{"rendered":"https:\/\/www.casariche.es\/?p=73322"},"modified":"2025-05-05T19:06:24","modified_gmt":"2025-05-05T17:06:24","slug":"ivan-garcia-competira-en-el-campeonato-de-espana-de-kick-light","status":"publish","type":"post","link":"https:\/\/www.casariche.es\/?p=73322","title":{"rendered":"Iv\u00e1n Garc\u00eda competir\u00e1 en el Campeonato de Espa\u00f1a de Kick Light"},"content":{"rendered":"<p class=\"\" style=\"text-align: justify;\" data-start=\"109\" data-end=\"404\"><strong data-start=\"109\" data-end=\"404\">El casariche\u00f1o Iv\u00e1n Garc\u00eda, integrante del Club Won de Puente Genil, ha sido convocado por la selecci\u00f3n andaluza para participar en el Campeonato de Espa\u00f1a que se celebrar\u00e1 este mes en Ciudad Real. En la cita nacional tambi\u00e9n estar\u00e1n presentes otros cuatro deportistas del mismo club pontan\u00e9s.<\/strong><\/p>\n<p class=\"\" style=\"text-align: justify;\" data-start=\"406\" data-end=\"565\">Recordamos que Iv\u00e1n se proclam\u00f3 <strong data-start=\"438\" data-end=\"489\">Campe\u00f3n de Andaluc\u00eda en la modalidad Kick Light<\/strong> el pasado mes de marzo, un logro que confirma su gran proyecci\u00f3n deportiva.<\/p>\n<p class=\"\" style=\"text-align: justify;\" data-start=\"567\" data-end=\"734\"><strong data-start=\"567\" data-end=\"734\">Desde la Delegaci\u00f3n de Deportes le trasladamos, una vez m\u00e1s, nuestra felicitaci\u00f3n por su brillante trayectoria y le deseamos mucho \u00e9xito en esta nueva competici\u00f3n.<\/strong><\/p>\n<p data-start=\"567\" data-end=\"734\"><img loading=\"lazy\" decoding=\"async\" class=\"alignnone size-full wp-image-73324\" src=\"http:\/\/www.casariche.es\/wp-content\/uploads\/2025\/05\/WhatsApp-Image-2025-05-05-at-07.42.18.jpeg\" alt=\"\" width=\"720\" height=\"1142\" srcset=\"https:\/\/www.casariche.es\/wp-content\/uploads\/2025\/05\/WhatsApp-Image-2025-05-05-at-07.42.18.jpeg 720w, https:\/\/www.casariche.es\/wp-content\/uploads\/2025\/05\/WhatsApp-Image-2025-05-05-at-07.42.18-189x300.jpeg 189w, https:\/\/www.casariche.es\/wp-content\/uploads\/2025\/05\/WhatsApp-Image-2025-05-05-at-07.42.18-646x1024.jpeg 646w\" sizes=\"auto, (max-width: 720px) 100vw, 720px\" \/><\/p>\n","protected":false},"excerpt":{"rendered":"<p>El casariche\u00f1o Iv\u00e1n Garc\u00eda, integrante del Club Won de Puente Genil, ha sido convocado por la selecci\u00f3n andaluza para participar en el Campeonato de Espa\u00f1a<\/p>\n","protected":false},"author":2,"featured_media":72201,"comment_status":"closed","ping_status":"closed","sticky":false,"template":"","format":"standard","meta":{"footnotes":""},"categories":[1],"tags":[5044],"class_list":["post-73322","post","type-post","status-publish","format-standard","has-post-thumbnail","hentry","category-sin-categoria","tag-kick-light"],"_links":{"self":[{"href":"https:\/\/www.casariche.es\/index.php?rest_route=\/wp\/v2\/posts\/73322","targetHints":{"allow":["GET"]}}],"collection":[{"href":"https:\/\/www.casariche.es\/index.php?rest_route=\/wp\/v2\/posts"}],"about":[{"href":"https:\/\/www.casariche.es\/index.php?rest_route=\/wp\/v2\/types\/post"}],"author":[{"embeddable":true,"href":"https:\/\/www.casariche.es\/index.php?rest_route=\/wp\/v2\/users\/2"}],"replies":[{"embeddable":true,"href":"https:\/\/www.casariche.es\/index.php?rest_route=%2Fwp%2Fv2%2Fcomments&post=73322"}],"version-history":[{"count":3,"href":"https:\/\/www.casariche.es\/index.php?rest_route=\/wp\/v2\/posts\/73322\/revisions"}],"predecessor-version":[{"id":73330,"href":"https:\/\/www.casariche.es\/index.php?rest_route=\/wp\/v2\/posts\/73322\/revisions\/73330"}],"wp:featuredmedia":[{"embeddable":true,"href":"https:\/\/www.casariche.es\/index.php?rest_route=\/wp\/v2\/media\/72201"}],"wp:attachment":[{"href":"https:\/\/www.casariche.es\/index.php?rest_route=%2Fwp%2Fv2%2Fmedia&parent=73322"}],"wp:term":[{"taxonomy":"category","embeddable":true,"href":"https:\/\/www.casariche.es\/index.php?rest_route=%2Fwp%2Fv2%2Fcategories&post=73322"},{"taxonomy":"post_tag","embeddable":true,"href":"https:\/\/www.casariche.es\/index.php?rest_route=%2Fwp%2Fv2%2Ftags&post=73322"}],"curies":[{"name":"wp","href":"https:\/\/api.w.org\/{rel}","templated":true}]}}