{"id":71757,"date":"2025-03-13T10:30:30","date_gmt":"2025-03-13T09:30:30","guid":{"rendered":"https:\/\/www.casariche.es\/?p=71757"},"modified":"2025-03-13T10:30:47","modified_gmt":"2025-03-13T09:30:47","slug":"marea-blanca-realizara-un-corte-de-trafico-el-sabado-15-de-marzo-en-defensa-de-la-sanidad-publica","status":"publish","type":"post","link":"https:\/\/www.casariche.es\/?p=71757","title":{"rendered":"Marea Blanca realizar\u00e1 un corte de tr\u00e1fico el s\u00e1bado 15 de marzo en defensa de la Sanidad P\u00fablica"},"content":{"rendered":"<p style=\"text-align: justify;\">Hoy nos hacemos eco de la nueva <strong>convocatoria de Marea Blanca del \u00c1rea Sanitaria de Osuna<\/strong> para reivindicar una atenci\u00f3n sanitaria de calidad en nuestros pueblos.<\/p>\n<p style=\"text-align: justify;\"><strong>Este s\u00e1bado 15 de marzo, a las 10:30h, la columna de Marea Blanca del \u00c1rea Sanitaria de Osuna saldr\u00e1 de Herrera para realizar un corte de tr\u00e1fico junto a la estaci\u00f3n del AVE de Puente Genil &#8211; Herrera, conjuntamente con Marea del \u00c1rea del \u00c1rea Sanitaria del Sur de C\u00f3rdoba.<\/strong><\/p>\n<p style=\"text-align: justify;\">Desde el Ayuntamiento, <strong>se va a habilitar un servicio de autob\u00fas a Herrera, a un coste de 5\u20ac\/persona <\/strong>para asistir a esta nueva acci\u00f3n reivindicativa. <strong>Para apuntarse, hay que dirigirse a la Oficina de Informaci\u00f3n del Ayuntamiento.<\/strong>\u00a0<strong>La<\/strong>\u00a0<strong>salida a Herrera ser\u00e1 el s\u00e1bado 15 a las 10:00h desde el Parque Las Trece Rosas<\/strong>, ubicado en la C\/Juli\u00e1n Besteiro.<\/p>\n<p style=\"text-align: justify;\">\u00a1Os esperamos para seguir luchando por una Sanidad P\u00fablica de Calidad!<\/p>\n<p><img loading=\"lazy\" decoding=\"async\" class=\"alignnone size-full wp-image-71827\" src=\"http:\/\/www.casariche.es\/wp-content\/uploads\/2025\/03\/cartel-encuentro-plataformas-en-el-ave.jpeg\" alt=\"\" width=\"989\" height=\"696\" srcset=\"https:\/\/www.casariche.es\/wp-content\/uploads\/2025\/03\/cartel-encuentro-plataformas-en-el-ave.jpeg 989w, https:\/\/www.casariche.es\/wp-content\/uploads\/2025\/03\/cartel-encuentro-plataformas-en-el-ave-300x211.jpeg 300w, https:\/\/www.casariche.es\/wp-content\/uploads\/2025\/03\/cartel-encuentro-plataformas-en-el-ave-768x540.jpeg 768w\" sizes=\"auto, (max-width: 989px) 100vw, 989px\" \/><\/p>\n","protected":false},"excerpt":{"rendered":"<p>Hoy nos hacemos eco de la nueva convocatoria de Marea Blanca del \u00c1rea Sanitaria de Osuna para reivindicar una atenci\u00f3n sanitaria de calidad en nuestros<\/p>\n","protected":false},"author":2,"featured_media":71827,"comment_status":"closed","ping_status":"closed","sticky":false,"template":"","format":"standard","meta":{"footnotes":""},"categories":[1,6],"tags":[3291,1983,3915],"class_list":["post-71757","post","type-post","status-publish","format-standard","has-post-thumbnail","hentry","category-sin-categoria","category-bienestar-social","tag-plataforma","tag-publica","tag-sanidad"],"_links":{"self":[{"href":"https:\/\/www.casariche.es\/index.php?rest_route=\/wp\/v2\/posts\/71757","targetHints":{"allow":["GET"]}}],"collection":[{"href":"https:\/\/www.casariche.es\/index.php?rest_route=\/wp\/v2\/posts"}],"about":[{"href":"https:\/\/www.casariche.es\/index.php?rest_route=\/wp\/v2\/types\/post"}],"author":[{"embeddable":true,"href":"https:\/\/www.casariche.es\/index.php?rest_route=\/wp\/v2\/users\/2"}],"replies":[{"embeddable":true,"href":"https:\/\/www.casariche.es\/index.php?rest_route=%2Fwp%2Fv2%2Fcomments&post=71757"}],"version-history":[{"count":3,"href":"https:\/\/www.casariche.es\/index.php?rest_route=\/wp\/v2\/posts\/71757\/revisions"}],"predecessor-version":[{"id":71830,"href":"https:\/\/www.casariche.es\/index.php?rest_route=\/wp\/v2\/posts\/71757\/revisions\/71830"}],"wp:featuredmedia":[{"embeddable":true,"href":"https:\/\/www.casariche.es\/index.php?rest_route=\/wp\/v2\/media\/71827"}],"wp:attachment":[{"href":"https:\/\/www.casariche.es\/index.php?rest_route=%2Fwp%2Fv2%2Fmedia&parent=71757"}],"wp:term":[{"taxonomy":"category","embeddable":true,"href":"https:\/\/www.casariche.es\/index.php?rest_route=%2Fwp%2Fv2%2Fcategories&post=71757"},{"taxonomy":"post_tag","embeddable":true,"href":"https:\/\/www.casariche.es\/index.php?rest_route=%2Fwp%2Fv2%2Ftags&post=71757"}],"curies":[{"name":"wp","href":"https:\/\/api.w.org\/{rel}","templated":true}]}}