{"id":70441,"date":"2025-01-29T12:30:01","date_gmt":"2025-01-29T11:30:01","guid":{"rendered":"https:\/\/www.casariche.es\/?p=70441"},"modified":"2025-01-28T18:09:43","modified_gmt":"2025-01-28T17:09:43","slug":"distribucion-de-parcelas-para-la-celebracion-de-las-candelarias-2025","status":"publish","type":"post","link":"https:\/\/www.casariche.es\/?p=70441","title":{"rendered":"Distribuci\u00f3n de parcelas para la celebraci\u00f3n de las Candelarias 2025"},"content":{"rendered":"<p style=\"text-align: justify;\">El pr\u00f3ximo <strong>s\u00e1bado 1 de febrero celebramos en Casariche las Candelarias 2025<\/strong> y una vez concluido el plazo de inscripci\u00f3n para solicitar la celebraci\u00f3n de esta fiesta en el Recinto Ferial, <strong>ya tenemos el plano con la distribuci\u00f3n de las parcelas.<\/strong><\/p>\n<p style=\"text-align: justify;\">Recordamos que, <strong>el reparto de las parcelas se ha realizado por orden de registro de entrada. En este sentido, informamos que en estos d\u00edas, se va a plasmar la numeraci\u00f3n sobre el terreno de cada parcela. Y, adem\u00e1s, junto al mismo aparecer\u00e1 un documento con el nombre de la persona responsable y el n\u00ba. de registro de entrada para que cada grupo y\/o colectivo pueda identificar la parcela asignada.<\/strong> Unos trabajos que se van a llevar a cabo en estos d\u00edas ya que por motivos meteorol\u00f3gicos no han podido hacerse con anterioridad.<\/p>\n<p style=\"text-align: justify;\"><strong>Aprovechamos para volver a hacer un llamamiento a la prudencia y al respeto<\/strong> en todo momento, <strong>extremando las precauciones ante el fuego<\/strong>, <strong>no realizando candelas grandes<\/strong>\u00a0<strong>ni utilizando productos inflamables y dejando la candela totalmente apagada antes de irse a casa.\u00a0<\/strong><\/p>\n<p style=\"text-align: justify;\">Asimismo, rogamos la colaboraci\u00f3n de todas las personas que participen en dicha festividad para que hagan un buen uso de los ba\u00f1os del recinto, que podr\u00e1n ser utilizados durante esa noche, as\u00ed como de <strong>los contenedores que se van a instalar para la ocasi\u00f3n, con el objeto de que se depositen en ellos la basura y los restos de residuos que se produzcan durante la celebraci\u00f3n de la misma<\/strong><strong>.<\/strong><\/p>\n<p style=\"text-align: justify;\">Asimismo, queremos informar que <strong>tambi\u00e9n se va a habilitar la zona del aparcamiento del recinto ferial<\/strong> para ese d\u00eda.<\/p>\n<p style=\"text-align: justify;\">Muchas gracias.<\/p>\n<p>\u00a1Feliz Candelaria 2025!.<\/p>\n<p><img loading=\"lazy\" decoding=\"async\" class=\"alignnone size-full wp-image-70442\" src=\"http:\/\/www.casariche.es\/wp-content\/uploads\/2025\/01\/R_FERIAL-CANDELARIA.1-1.jpg\" alt=\"\" width=\"1754\" height=\"2013\" srcset=\"https:\/\/www.casariche.es\/wp-content\/uploads\/2025\/01\/R_FERIAL-CANDELARIA.1-1.jpg 1754w, https:\/\/www.casariche.es\/wp-content\/uploads\/2025\/01\/R_FERIAL-CANDELARIA.1-1-261x300.jpg 261w, https:\/\/www.casariche.es\/wp-content\/uploads\/2025\/01\/R_FERIAL-CANDELARIA.1-1-892x1024.jpg 892w, https:\/\/www.casariche.es\/wp-content\/uploads\/2025\/01\/R_FERIAL-CANDELARIA.1-1-768x881.jpg 768w, https:\/\/www.casariche.es\/wp-content\/uploads\/2025\/01\/R_FERIAL-CANDELARIA.1-1-1338x1536.jpg 1338w\" sizes=\"auto, (max-width: 1754px) 100vw, 1754px\" \/><\/p>\n","protected":false},"excerpt":{"rendered":"<p>El pr\u00f3ximo s\u00e1bado 1 de febrero celebramos en Casariche las Candelarias 2025 y una vez concluido el plazo de inscripci\u00f3n para solicitar la celebraci\u00f3n de<\/p>\n","protected":false},"author":2,"featured_media":70442,"comment_status":"closed","ping_status":"closed","sticky":false,"template":"","format":"standard","meta":{"footnotes":""},"categories":[7,1],"tags":[4995,5010,833,5009],"class_list":["post-70441","post","type-post","status-publish","format-standard","has-post-thumbnail","hentry","category-cultura","category-sin-categoria","tag-candelarias","tag-distribucion","tag-parcelas","tag-plano"],"_links":{"self":[{"href":"https:\/\/www.casariche.es\/index.php?rest_route=\/wp\/v2\/posts\/70441","targetHints":{"allow":["GET"]}}],"collection":[{"href":"https:\/\/www.casariche.es\/index.php?rest_route=\/wp\/v2\/posts"}],"about":[{"href":"https:\/\/www.casariche.es\/index.php?rest_route=\/wp\/v2\/types\/post"}],"author":[{"embeddable":true,"href":"https:\/\/www.casariche.es\/index.php?rest_route=\/wp\/v2\/users\/2"}],"replies":[{"embeddable":true,"href":"https:\/\/www.casariche.es\/index.php?rest_route=%2Fwp%2Fv2%2Fcomments&post=70441"}],"version-history":[{"count":9,"href":"https:\/\/www.casariche.es\/index.php?rest_route=\/wp\/v2\/posts\/70441\/revisions"}],"predecessor-version":[{"id":70449,"href":"https:\/\/www.casariche.es\/index.php?rest_route=\/wp\/v2\/posts\/70441\/revisions\/70449"}],"wp:featuredmedia":[{"embeddable":true,"href":"https:\/\/www.casariche.es\/index.php?rest_route=\/wp\/v2\/media\/70442"}],"wp:attachment":[{"href":"https:\/\/www.casariche.es\/index.php?rest_route=%2Fwp%2Fv2%2Fmedia&parent=70441"}],"wp:term":[{"taxonomy":"category","embeddable":true,"href":"https:\/\/www.casariche.es\/index.php?rest_route=%2Fwp%2Fv2%2Fcategories&post=70441"},{"taxonomy":"post_tag","embeddable":true,"href":"https:\/\/www.casariche.es\/index.php?rest_route=%2Fwp%2Fv2%2Ftags&post=70441"}],"curies":[{"name":"wp","href":"https:\/\/api.w.org\/{rel}","templated":true}]}}