{"id":69174,"date":"2024-12-05T10:00:29","date_gmt":"2024-12-05T09:00:29","guid":{"rendered":"https:\/\/www.casariche.es\/?p=69174"},"modified":"2024-12-04T16:40:02","modified_gmt":"2024-12-04T15:40:02","slug":"te-vienes-con-nosotros-el-23-de-diciembre-a-sevilla-para-disfrutar-del-parque-tematico-navideno-inari","status":"publish","type":"post","link":"https:\/\/www.casariche.es\/?p=69174","title":{"rendered":"\u00bfTe vienes con nosotros el 23 de diciembre a Sevilla para disfrutar del Parque Tem\u00e1tico navide\u00f1o &#8216;Inari&#8217;?"},"content":{"rendered":"<div class=\"html-div xdj266r x11i5rnm xat24cr x1mh8g0r xexx8yu x4uap5 x18d9i69 xkhd6sd\" dir=\"auto\">\n<div class=\"html-div xdj266r x11i5rnm xat24cr x1mh8g0r xexx8yu x4uap5 x18d9i69 xkhd6sd\" data-ad-rendering-role=\"story_message\">\n<div id=\":r9u:\" class=\"x1l90r2v x1iorvi4 x1ye3gou xn6708d\" data-ad-comet-preview=\"message\" data-ad-preview=\"message\">\n<div class=\"x78zum5 xdt5ytf xz62fqu x16ldp7u\">\n<div class=\"xu06os2 x1ok221b\">\n<div class=\"xdj266r x11i5rnm xat24cr x1mh8g0r x1vvkbs x126k92a\">\n<div dir=\"auto\" style=\"text-align: justify;\"><span style=\"font-size: 1rem;\"><strong>Desde la Delegaci\u00f3n de Juventud de nuestro Ayuntamiento hemos organizado un viaje para visitar el 23 de diciembre en Sevilla en el Palacio de Exposiciones y Congresos el parque tem\u00e1tico de la Navidad \u2018Inari\u2019<\/strong>, un pueblo encantado que este a\u00f1o regresa con m\u00e1s y atractivas propuestas, para pasar una jornada llena de entretenimiento y diversi\u00f3n.<\/span><\/div>\n<\/div>\n<\/div>\n<\/div>\n<div dir=\"auto\" style=\"text-align: justify;\"><\/div>\n<div class=\"x78zum5 xdt5ytf xz62fqu x16ldp7u\">\n<div class=\"xu06os2 x1ok221b\" style=\"text-align: justify;\">\n<div class=\"x11i5rnm xat24cr x1mh8g0r x1vvkbs xtlvy1s x126k92a\">\n<div dir=\"auto\">El precio de asistencia a esta actividad es de <strong>20 \u20ac\/persona y las inscripciones deben hacerse en el portal de inscripciones del Ayuntamiento:\u00a0<\/strong><a href=\"https:\/\/inscripciones.casariche.es\/\">https:\/\/inscripciones.casariche.es<\/a>\u00a0<strong>y\/o en la Oficina de Informaci\u00f3n del Ayuntamiento.<\/strong><\/div>\n<\/div>\n<\/div>\n<div dir=\"auto\" style=\"text-align: justify;\"><\/div>\n<div dir=\"auto\" style=\"text-align: justify;\"><span style=\"font-size: 1rem;\">Se recuerda que los menores deber\u00e1n de ir acompa\u00f1ados de un adulto.<\/span><\/div>\n<div class=\"xu06os2 x1ok221b\">\n<div dir=\"auto\">\n<p style=\"text-align: justify;\">M\u00e1s\u00a0<strong>informaci\u00f3n<\/strong>\u00a0en la\u00a0<strong>Casa de la Juventud, en las redes sociales de la Delegaci\u00f3n de Juventud y\/o en el tel\u00e9fono: 667543228<\/strong>.<\/p>\n<p style=\"text-align: justify;\"><span style=\"font-size: 1rem;\">\u00a1No le dejes para m\u00e1s tarde que las plazas son limitadas! <\/span><span style=\"font-size: 1rem;\">\u00a1Viaja con nosotros y vive la Navidad con un color especial en Inari!<\/span><\/p>\n<p><img loading=\"lazy\" decoding=\"async\" class=\"alignnone size-full wp-image-69177\" src=\"http:\/\/www.casariche.es\/wp-content\/uploads\/2024\/12\/visita-parque-navidad-inari-23-dic.jpeg\" alt=\"\" width=\"1447\" height=\"2048\" srcset=\"https:\/\/www.casariche.es\/wp-content\/uploads\/2024\/12\/visita-parque-navidad-inari-23-dic.jpeg 1447w, https:\/\/www.casariche.es\/wp-content\/uploads\/2024\/12\/visita-parque-navidad-inari-23-dic-212x300.jpeg 212w, https:\/\/www.casariche.es\/wp-content\/uploads\/2024\/12\/visita-parque-navidad-inari-23-dic-724x1024.jpeg 724w, https:\/\/www.casariche.es\/wp-content\/uploads\/2024\/12\/visita-parque-navidad-inari-23-dic-768x1087.jpeg 768w, https:\/\/www.casariche.es\/wp-content\/uploads\/2024\/12\/visita-parque-navidad-inari-23-dic-1085x1536.jpeg 1085w\" sizes=\"auto, (max-width: 1447px) 100vw, 1447px\" \/><\/p>\n<\/div>\n<\/div>\n<\/div>\n<\/div>\n<\/div>\n<\/div>\n","protected":false},"excerpt":{"rendered":"<p>Desde la Delegaci\u00f3n de Juventud de nuestro Ayuntamiento hemos organizado un viaje para visitar el 23 de diciembre en Sevilla en el Palacio de Exposiciones<\/p>\n","protected":false},"author":2,"featured_media":69177,"comment_status":"closed","ping_status":"closed","sticky":false,"template":"","format":"standard","meta":{"footnotes":""},"categories":[1,22],"tags":[],"class_list":["post-69174","post","type-post","status-publish","format-standard","has-post-thumbnail","hentry","category-sin-categoria","category-juventud"],"_links":{"self":[{"href":"https:\/\/www.casariche.es\/index.php?rest_route=\/wp\/v2\/posts\/69174","targetHints":{"allow":["GET"]}}],"collection":[{"href":"https:\/\/www.casariche.es\/index.php?rest_route=\/wp\/v2\/posts"}],"about":[{"href":"https:\/\/www.casariche.es\/index.php?rest_route=\/wp\/v2\/types\/post"}],"author":[{"embeddable":true,"href":"https:\/\/www.casariche.es\/index.php?rest_route=\/wp\/v2\/users\/2"}],"replies":[{"embeddable":true,"href":"https:\/\/www.casariche.es\/index.php?rest_route=%2Fwp%2Fv2%2Fcomments&post=69174"}],"version-history":[{"count":2,"href":"https:\/\/www.casariche.es\/index.php?rest_route=\/wp\/v2\/posts\/69174\/revisions"}],"predecessor-version":[{"id":69179,"href":"https:\/\/www.casariche.es\/index.php?rest_route=\/wp\/v2\/posts\/69174\/revisions\/69179"}],"wp:featuredmedia":[{"embeddable":true,"href":"https:\/\/www.casariche.es\/index.php?rest_route=\/wp\/v2\/media\/69177"}],"wp:attachment":[{"href":"https:\/\/www.casariche.es\/index.php?rest_route=%2Fwp%2Fv2%2Fmedia&parent=69174"}],"wp:term":[{"taxonomy":"category","embeddable":true,"href":"https:\/\/www.casariche.es\/index.php?rest_route=%2Fwp%2Fv2%2Fcategories&post=69174"},{"taxonomy":"post_tag","embeddable":true,"href":"https:\/\/www.casariche.es\/index.php?rest_route=%2Fwp%2Fv2%2Ftags&post=69174"}],"curies":[{"name":"wp","href":"https:\/\/api.w.org\/{rel}","templated":true}]}}