{"id":69102,"date":"2024-12-03T09:00:16","date_gmt":"2024-12-03T08:00:16","guid":{"rendered":"https:\/\/www.casariche.es\/?p=69102"},"modified":"2024-12-02T18:55:10","modified_gmt":"2024-12-02T17:55:10","slug":"hoy-es-el-dia-internacional-de-las-personas-con-discapacidad","status":"publish","type":"post","link":"https:\/\/www.casariche.es\/?p=69102","title":{"rendered":"Hoy es el D\u00eda Internacional de las Personas con Discapacidad"},"content":{"rendered":"<p style=\"text-align: justify;\">Un a\u00f1o m\u00e1s, <strong>nos sumamos a la conmemoraci\u00f3n del D\u00eda Internacional de las Personas con Discapacidad,<\/strong> una fecha que promueve la reflexi\u00f3n sobre cuestiones de discapacidad y llama la atenci\u00f3n sobre los beneficios de una sociedad inclusiva y accesible para todos y todas.<\/p>\n<p style=\"text-align: justify;\">Y lo hacemos con los carteles ganadores del <strong>Concurso \u2018Dibuja tus Capacidades\u2019<\/strong> que corresponden a <strong>Diego Aguilera Aranda, de 11 a\u00f1os, Carmen Linares Gonz\u00e1lez, de 7 a\u00f1os, y Jes\u00fas Aroca Rodr\u00edguez, de 6 a\u00f1os.<\/strong><\/p>\n<p style=\"text-align: justify;\">Adem\u00e1s, <strong>la pancarta conmemorativa luce tambi\u00e9n ya en el balc\u00f3n de nuestro Ayuntamiento.<\/strong><\/p>\n<p style=\"text-align: justify;\"><strong>Ambas cosas forman parte de la programaci\u00f3n conmemorativa de este d\u00eda.<\/strong><\/p>\n<p style=\"text-align: justify;\">Por nuestra parte, <strong>colaboramos en lo posible con nuestras asociaciones locales, Acadica y Crisol-Aydis<\/strong>, para seguir reivindicando una inclusi\u00f3n real.<\/p>\n<figure id=\"attachment_69103\" aria-describedby=\"caption-attachment-69103\" style=\"width: 2560px\" class=\"wp-caption alignnone\"><img loading=\"lazy\" decoding=\"async\" class=\"wp-image-69103 size-full\" src=\"http:\/\/www.casariche.es\/wp-content\/uploads\/2024\/12\/ganador-scaled.jpg\" alt=\"\" width=\"2560\" height=\"1803\" srcset=\"https:\/\/www.casariche.es\/wp-content\/uploads\/2024\/12\/ganador-scaled.jpg 2560w, https:\/\/www.casariche.es\/wp-content\/uploads\/2024\/12\/ganador-300x211.jpg 300w, https:\/\/www.casariche.es\/wp-content\/uploads\/2024\/12\/ganador-1024x721.jpg 1024w, https:\/\/www.casariche.es\/wp-content\/uploads\/2024\/12\/ganador-768x541.jpg 768w, https:\/\/www.casariche.es\/wp-content\/uploads\/2024\/12\/ganador-1536x1082.jpg 1536w, https:\/\/www.casariche.es\/wp-content\/uploads\/2024\/12\/ganador-2048x1442.jpg 2048w\" sizes=\"auto, (max-width: 2560px) 100vw, 2560px\" \/><figcaption id=\"caption-attachment-69103\" class=\"wp-caption-text\">Diego Aguilera Aranda &#8211; Cartel D\u00eda Internacional Personas con Discapacidad Casariche 2024<\/figcaption><\/figure>\n<figure id=\"attachment_69104\" aria-describedby=\"caption-attachment-69104\" style=\"width: 1928px\" class=\"wp-caption alignnone\"><img loading=\"lazy\" decoding=\"async\" class=\"wp-image-69104 size-full\" src=\"http:\/\/www.casariche.es\/wp-content\/uploads\/2024\/12\/carmen-linares-scaled.jpg\" alt=\"\" width=\"1928\" height=\"2560\" srcset=\"https:\/\/www.casariche.es\/wp-content\/uploads\/2024\/12\/carmen-linares-scaled.jpg 1928w, https:\/\/www.casariche.es\/wp-content\/uploads\/2024\/12\/carmen-linares-226x300.jpg 226w, https:\/\/www.casariche.es\/wp-content\/uploads\/2024\/12\/carmen-linares-771x1024.jpg 771w, https:\/\/www.casariche.es\/wp-content\/uploads\/2024\/12\/carmen-linares-768x1020.jpg 768w, https:\/\/www.casariche.es\/wp-content\/uploads\/2024\/12\/carmen-linares-1157x1536.jpg 1157w, https:\/\/www.casariche.es\/wp-content\/uploads\/2024\/12\/carmen-linares-1542x2048.jpg 1542w\" sizes=\"auto, (max-width: 1928px) 100vw, 1928px\" \/><figcaption id=\"caption-attachment-69104\" class=\"wp-caption-text\">Carmen Linares Gonz\u00e1lez<\/figcaption><\/figure>\n<figure id=\"attachment_69105\" aria-describedby=\"caption-attachment-69105\" style=\"width: 2560px\" class=\"wp-caption alignnone\"><img loading=\"lazy\" decoding=\"async\" class=\"wp-image-69105 size-full\" src=\"http:\/\/www.casariche.es\/wp-content\/uploads\/2024\/12\/aroca-scaled.jpg\" alt=\"\" width=\"2560\" height=\"1915\" srcset=\"https:\/\/www.casariche.es\/wp-content\/uploads\/2024\/12\/aroca-scaled.jpg 2560w, https:\/\/www.casariche.es\/wp-content\/uploads\/2024\/12\/aroca-300x224.jpg 300w, https:\/\/www.casariche.es\/wp-content\/uploads\/2024\/12\/aroca-1024x766.jpg 1024w, https:\/\/www.casariche.es\/wp-content\/uploads\/2024\/12\/aroca-768x574.jpg 768w, https:\/\/www.casariche.es\/wp-content\/uploads\/2024\/12\/aroca-1536x1149.jpg 1536w, https:\/\/www.casariche.es\/wp-content\/uploads\/2024\/12\/aroca-2048x1532.jpg 2048w, https:\/\/www.casariche.es\/wp-content\/uploads\/2024\/12\/aroca-100x75.jpg 100w\" sizes=\"auto, (max-width: 2560px) 100vw, 2560px\" \/><figcaption id=\"caption-attachment-69105\" class=\"wp-caption-text\">Jes\u00fas Aroca Rodr\u00edguez<\/figcaption><\/figure>\n<p><img loading=\"lazy\" decoding=\"async\" class=\"alignnone size-full wp-image-69106\" src=\"http:\/\/www.casariche.es\/wp-content\/uploads\/2024\/12\/pancarta.jpeg\" alt=\"\" width=\"2048\" height=\"1536\" srcset=\"https:\/\/www.casariche.es\/wp-content\/uploads\/2024\/12\/pancarta.jpeg 2048w, https:\/\/www.casariche.es\/wp-content\/uploads\/2024\/12\/pancarta-300x225.jpeg 300w, https:\/\/www.casariche.es\/wp-content\/uploads\/2024\/12\/pancarta-1024x768.jpeg 1024w, https:\/\/www.casariche.es\/wp-content\/uploads\/2024\/12\/pancarta-768x576.jpeg 768w, https:\/\/www.casariche.es\/wp-content\/uploads\/2024\/12\/pancarta-1536x1152.jpeg 1536w, https:\/\/www.casariche.es\/wp-content\/uploads\/2024\/12\/pancarta-100x75.jpeg 100w\" sizes=\"auto, (max-width: 2048px) 100vw, 2048px\" \/><\/p>\n","protected":false},"excerpt":{"rendered":"<p>Un a\u00f1o m\u00e1s, nos sumamos a la conmemoraci\u00f3n del D\u00eda Internacional de las Personas con Discapacidad, una fecha que promueve la reflexi\u00f3n sobre cuestiones de<\/p>\n","protected":false},"author":2,"featured_media":69103,"comment_status":"closed","ping_status":"closed","sticky":false,"template":"","format":"standard","meta":{"footnotes":""},"categories":[1,6],"tags":[269,28,573],"class_list":["post-69102","post","type-post","status-publish","format-standard","has-post-thumbnail","hentry","category-sin-categoria","category-bienestar-social","tag-dia","tag-discapacidad","tag-internacional"],"_links":{"self":[{"href":"https:\/\/www.casariche.es\/index.php?rest_route=\/wp\/v2\/posts\/69102","targetHints":{"allow":["GET"]}}],"collection":[{"href":"https:\/\/www.casariche.es\/index.php?rest_route=\/wp\/v2\/posts"}],"about":[{"href":"https:\/\/www.casariche.es\/index.php?rest_route=\/wp\/v2\/types\/post"}],"author":[{"embeddable":true,"href":"https:\/\/www.casariche.es\/index.php?rest_route=\/wp\/v2\/users\/2"}],"replies":[{"embeddable":true,"href":"https:\/\/www.casariche.es\/index.php?rest_route=%2Fwp%2Fv2%2Fcomments&post=69102"}],"version-history":[{"count":2,"href":"https:\/\/www.casariche.es\/index.php?rest_route=\/wp\/v2\/posts\/69102\/revisions"}],"predecessor-version":[{"id":69108,"href":"https:\/\/www.casariche.es\/index.php?rest_route=\/wp\/v2\/posts\/69102\/revisions\/69108"}],"wp:featuredmedia":[{"embeddable":true,"href":"https:\/\/www.casariche.es\/index.php?rest_route=\/wp\/v2\/media\/69103"}],"wp:attachment":[{"href":"https:\/\/www.casariche.es\/index.php?rest_route=%2Fwp%2Fv2%2Fmedia&parent=69102"}],"wp:term":[{"taxonomy":"category","embeddable":true,"href":"https:\/\/www.casariche.es\/index.php?rest_route=%2Fwp%2Fv2%2Fcategories&post=69102"},{"taxonomy":"post_tag","embeddable":true,"href":"https:\/\/www.casariche.es\/index.php?rest_route=%2Fwp%2Fv2%2Ftags&post=69102"}],"curies":[{"name":"wp","href":"https:\/\/api.w.org\/{rel}","templated":true}]}}