{"id":67689,"date":"2024-10-19T09:00:33","date_gmt":"2024-10-19T07:00:33","guid":{"rendered":"https:\/\/www.casariche.es\/?p=67689"},"modified":"2024-10-17T13:12:32","modified_gmt":"2024-10-17T11:12:32","slug":"hoy-es-el-dia-mundial-contra-el-cancer-de-mama-2","status":"publish","type":"post","link":"https:\/\/www.casariche.es\/?p=67689","title":{"rendered":"Hoy es el D\u00eda Mundial contra el C\u00e1ncer de Mama"},"content":{"rendered":"<p style=\"text-align: justify;\"><strong>Cada 19 de octubre nos unimos en una causa que trasciende fronteras y nos sensibiliza a todos por igual, la lucha contra el c\u00e1ncer de mama<\/strong>. Hoy es una jornada para transmitir a la poblaci\u00f3n la importancia de seguir apoyando la investigaci\u00f3n para erradicar esta enfermedad y de una detecci\u00f3n temprana de la misma para maximizar los efectos del tratamiento.<\/p>\n<p style=\"text-align: justify;\">Desde el Ayuntamiento, <strong>queremos aprovechar esta fecha para recordar la important\u00edsima labor que desarrolla en nuestra localidad la Junta Local de la AECC Casariche, as\u00ed como recordar que ma\u00f1ana a las 11:00h de la ma\u00f1ana tenemos una cita en la X Marcha contra el C\u00e1ncer de Mama de Casariche<\/strong>.<\/p>\n<p style=\"text-align: justify;\">\u00a1Os esperamos en esta marcha solidaria de apoyo a la lucha contra el c\u00e1ncer!<\/p>\n<p><img loading=\"lazy\" decoding=\"async\" class=\"alignnone size-full wp-image-67690\" src=\"http:\/\/www.casariche.es\/wp-content\/uploads\/2024\/10\/DIA-CANCER-MAMA-CASARICHE-2024.png\" alt=\"\" width=\"1080\" height=\"1080\" srcset=\"https:\/\/www.casariche.es\/wp-content\/uploads\/2024\/10\/DIA-CANCER-MAMA-CASARICHE-2024.png 1080w, https:\/\/www.casariche.es\/wp-content\/uploads\/2024\/10\/DIA-CANCER-MAMA-CASARICHE-2024-300x300.png 300w, https:\/\/www.casariche.es\/wp-content\/uploads\/2024\/10\/DIA-CANCER-MAMA-CASARICHE-2024-1024x1024.png 1024w, https:\/\/www.casariche.es\/wp-content\/uploads\/2024\/10\/DIA-CANCER-MAMA-CASARICHE-2024-150x150.png 150w, https:\/\/www.casariche.es\/wp-content\/uploads\/2024\/10\/DIA-CANCER-MAMA-CASARICHE-2024-768x768.png 768w\" sizes=\"auto, (max-width: 1080px) 100vw, 1080px\" \/><\/p>\n","protected":false},"excerpt":{"rendered":"<p>Cada 19 de octubre nos unimos en una causa que trasciende fronteras y nos sensibiliza a todos por igual, la lucha contra el c\u00e1ncer de<\/p>\n","protected":false},"author":2,"featured_media":67690,"comment_status":"closed","ping_status":"closed","sticky":false,"template":"","format":"standard","meta":{"footnotes":""},"categories":[1,6],"tags":[256,269,737],"class_list":["post-67689","post","type-post","status-publish","format-standard","has-post-thumbnail","hentry","category-sin-categoria","category-bienestar-social","tag-cancer","tag-dia","tag-mama"],"_links":{"self":[{"href":"https:\/\/www.casariche.es\/index.php?rest_route=\/wp\/v2\/posts\/67689","targetHints":{"allow":["GET"]}}],"collection":[{"href":"https:\/\/www.casariche.es\/index.php?rest_route=\/wp\/v2\/posts"}],"about":[{"href":"https:\/\/www.casariche.es\/index.php?rest_route=\/wp\/v2\/types\/post"}],"author":[{"embeddable":true,"href":"https:\/\/www.casariche.es\/index.php?rest_route=\/wp\/v2\/users\/2"}],"replies":[{"embeddable":true,"href":"https:\/\/www.casariche.es\/index.php?rest_route=%2Fwp%2Fv2%2Fcomments&post=67689"}],"version-history":[{"count":1,"href":"https:\/\/www.casariche.es\/index.php?rest_route=\/wp\/v2\/posts\/67689\/revisions"}],"predecessor-version":[{"id":67691,"href":"https:\/\/www.casariche.es\/index.php?rest_route=\/wp\/v2\/posts\/67689\/revisions\/67691"}],"wp:featuredmedia":[{"embeddable":true,"href":"https:\/\/www.casariche.es\/index.php?rest_route=\/wp\/v2\/media\/67690"}],"wp:attachment":[{"href":"https:\/\/www.casariche.es\/index.php?rest_route=%2Fwp%2Fv2%2Fmedia&parent=67689"}],"wp:term":[{"taxonomy":"category","embeddable":true,"href":"https:\/\/www.casariche.es\/index.php?rest_route=%2Fwp%2Fv2%2Fcategories&post=67689"},{"taxonomy":"post_tag","embeddable":true,"href":"https:\/\/www.casariche.es\/index.php?rest_route=%2Fwp%2Fv2%2Ftags&post=67689"}],"curies":[{"name":"wp","href":"https:\/\/api.w.org\/{rel}","templated":true}]}}