{"id":65440,"date":"2024-07-10T12:00:03","date_gmt":"2024-07-10T10:00:03","guid":{"rendered":"https:\/\/www.casariche.es\/?p=65440"},"modified":"2024-07-09T20:23:38","modified_gmt":"2024-07-09T18:23:38","slug":"la-biblioteca-municipal-presenta-su-refrescante-programacion-veraniega","status":"publish","type":"post","link":"https:\/\/www.casariche.es\/?p=65440","title":{"rendered":"La Biblioteca Municipal presenta su refrescante programaci\u00f3n veraniega"},"content":{"rendered":"<p style=\"text-align: justify;\">Hoy damos a conocer la <strong>refrescante programaci\u00f3n del verano 2024 dise\u00f1ada por la Biblioteca P\u00fablica &#8216;Marcos Ana&#8217;.<\/strong><\/p>\n<p style=\"text-align: justify;\">Este mes de <strong>julio<\/strong>, tenemos dos d\u00edas de bibliopiscina, el 17 y 19 de julio y un d\u00eda, el 20 de julio, para ponernos al d\u00eda con nuestro &#8216;Reto Lector&#8217;.<\/p>\n<p style=\"text-align: justify;\">En <strong>agosto<\/strong>, un bingo de cuentos el 19 de agosto, una actividad de cuentacuentos con Bluey en la piscina el d\u00eda 21, y la actividad el D\u00eda del Lector &#8216;Mi primer libro me lo regala mi pueblo&#8217; el lunes 26.<\/p>\n<p style=\"text-align: justify;\">Recordamos adem\u00e1s que nuestra biblioteca estar\u00e1 a vuestra disposici\u00f3n de lunes a viernes en horario de 09:00h a 14:00h a partir del pr\u00f3ximo lunes 15 de julio que abre sus puertas despu\u00e9s de su primer periodo vacacional, y que <strong>estar\u00e1 cerrada por vacaciones del 1 al 15 de agosto<\/strong>.<\/p>\n<p style=\"text-align: justify;\">Este verano, <strong>\u00a1sum\u00e9rgete en la lectura!\u00a0<\/strong><\/p>\n<p><img loading=\"lazy\" decoding=\"async\" class=\"alignnone size-full wp-image-65441\" src=\"http:\/\/www.casariche.es\/wp-content\/uploads\/2024\/07\/actividades-biblioteca-vernao.jpeg\" alt=\"\" width=\"1131\" height=\"1600\" srcset=\"https:\/\/www.casariche.es\/wp-content\/uploads\/2024\/07\/actividades-biblioteca-vernao.jpeg 1131w, https:\/\/www.casariche.es\/wp-content\/uploads\/2024\/07\/actividades-biblioteca-vernao-212x300.jpeg 212w, https:\/\/www.casariche.es\/wp-content\/uploads\/2024\/07\/actividades-biblioteca-vernao-724x1024.jpeg 724w, https:\/\/www.casariche.es\/wp-content\/uploads\/2024\/07\/actividades-biblioteca-vernao-768x1086.jpeg 768w, https:\/\/www.casariche.es\/wp-content\/uploads\/2024\/07\/actividades-biblioteca-vernao-1086x1536.jpeg 1086w\" sizes=\"auto, (max-width: 1131px) 100vw, 1131px\" \/><\/p>\n","protected":false},"excerpt":{"rendered":"<p>Hoy damos a conocer la refrescante programaci\u00f3n del verano 2024 dise\u00f1ada por la Biblioteca P\u00fablica &#8216;Marcos Ana&#8217;. Este mes de julio, tenemos dos d\u00edas de<\/p>\n","protected":false},"author":2,"featured_media":65441,"comment_status":"closed","ping_status":"closed","sticky":false,"template":"","format":"standard","meta":{"footnotes":""},"categories":[7,1],"tags":[457,49,40],"class_list":["post-65440","post","type-post","status-publish","format-standard","has-post-thumbnail","hentry","category-cultura","category-sin-categoria","tag-actividades","tag-biblioteca","tag-verano"],"_links":{"self":[{"href":"https:\/\/www.casariche.es\/index.php?rest_route=\/wp\/v2\/posts\/65440","targetHints":{"allow":["GET"]}}],"collection":[{"href":"https:\/\/www.casariche.es\/index.php?rest_route=\/wp\/v2\/posts"}],"about":[{"href":"https:\/\/www.casariche.es\/index.php?rest_route=\/wp\/v2\/types\/post"}],"author":[{"embeddable":true,"href":"https:\/\/www.casariche.es\/index.php?rest_route=\/wp\/v2\/users\/2"}],"replies":[{"embeddable":true,"href":"https:\/\/www.casariche.es\/index.php?rest_route=%2Fwp%2Fv2%2Fcomments&post=65440"}],"version-history":[{"count":1,"href":"https:\/\/www.casariche.es\/index.php?rest_route=\/wp\/v2\/posts\/65440\/revisions"}],"predecessor-version":[{"id":65442,"href":"https:\/\/www.casariche.es\/index.php?rest_route=\/wp\/v2\/posts\/65440\/revisions\/65442"}],"wp:featuredmedia":[{"embeddable":true,"href":"https:\/\/www.casariche.es\/index.php?rest_route=\/wp\/v2\/media\/65441"}],"wp:attachment":[{"href":"https:\/\/www.casariche.es\/index.php?rest_route=%2Fwp%2Fv2%2Fmedia&parent=65440"}],"wp:term":[{"taxonomy":"category","embeddable":true,"href":"https:\/\/www.casariche.es\/index.php?rest_route=%2Fwp%2Fv2%2Fcategories&post=65440"},{"taxonomy":"post_tag","embeddable":true,"href":"https:\/\/www.casariche.es\/index.php?rest_route=%2Fwp%2Fv2%2Ftags&post=65440"}],"curies":[{"name":"wp","href":"https:\/\/api.w.org\/{rel}","templated":true}]}}