{"id":6406,"date":"2014-04-10T13:04:55","date_gmt":"2014-04-10T10:34:55","guid":{"rendered":"http:\/\/www.casariche.es\/?p=6406"},"modified":"2014-04-12T13:46:15","modified_gmt":"2014-04-12T11:16:15","slug":"la-escuela-taller-las-tic-en-casariche-ha-cumplido-nueve-meses","status":"publish","type":"post","link":"https:\/\/www.casariche.es\/?p=6406","title":{"rendered":"La Escuela Taller \u00abLas Tic en Casariche\u00bb ha cumplido nueve meses"},"content":{"rendered":"<p>La Escuela Taller \u201cLas TIC en Casariche: Servicios P\u00fablicos Digitales\u201d, con su m\u00f3dulo Operador de Emisoras de Radio ha cumplido ha llegado al ecuador de este interesante proyecto: ha cumplido nueve meses.<\/p>\n<p>Nuestra escuela, en la que participan 12 j\u00f3venes casariche\u00f1os y que tiene como entidad promotora al Ayuntamiento de Casariche, con el fin de facilitarles su inserci\u00f3n en el mercado de trabajo, a trav\u00e9s de su cualificaci\u00f3n y profesionalizaci\u00f3n. Dio comienzo el 28 de junio de 2013 y concluir\u00e1 el 27 de Diciembre de 2014.<\/p>\n<p>Cabe recordar que del 28 de junio al 27 de Diciembre de 2013 se ha desarrollado la etapa inicial de esta Escuela Taller, en la que el alumnado ha estado en periodo de beca, recibiendo una completa formaci\u00f3n tanto te\u00f3rica como pr\u00e1ctica en su m\u00f3dulo espec\u00edfico (Operador de Emisoras de Radio). Asimismo, se dispone de una monitora de Educaci\u00f3n Compensatoria, que est\u00e1 preparando al alumnado para presentarse a la Prueba de Acceso a Grado Superior (puesto que todos poseen ya el Graduado en Educaci\u00f3n Secundaria Obligatoria). En paralelo, tambi\u00e9n se han formado en contenidos transversales, a trav\u00e9s de los m\u00f3dulos complementarios recibidos y de obligada impartici\u00f3n en este tipo de proyectos. De hecho, se les ha impartido ya los m\u00f3dulos de Prevenci\u00f3n de Riesgos Laborales, Sensibilizaci\u00f3n Medioambiental, Alfabetizaci\u00f3n Inform\u00e1tica, Igualdad de G\u00e9nero e Igualdad para Colectivos Desfavorecidos, quedando pendientes para finales del presente a\u00f1o (cuando est\u00e9n m\u00e1s pr\u00f3ximos a la incorporaci\u00f3n al mercado laboral, en el \u00faltimo trimestre de esta Escuela Taller), la impartici\u00f3n del M\u00f3dulo de Fomento del Esp\u00edritu Emprendedor y del Taller de Empleabilidad.<\/p>\n<p>Tambi\u00e9n han realizado diversos viajes formativos, a emisoras de radio y televisi\u00f3n de la zona y de la provincia, con el fin de \u201cfamiliarizarse de primera mano con la forma de trabajar actual en dichos medios de comunicaci\u00f3n\u201d.<\/p>\n<p>Desde el pasado 28 de Diciembre de 2013, los 12 j\u00f3venes participantes en la misma disponen de un contrato de formaci\u00f3n de un a\u00f1o de duraci\u00f3n. Ha comenzado la etapa denominada de alternancia, durante la cual contin\u00faan completando su formaci\u00f3n y reforzando los conocimientos adquiridos, a la vez que alternan el trabajo y la pr\u00e1ctica profesional. En este sentido, est\u00e1n actuando como auxiliares t\u00e9cnicos de sonido en distintos eventos celebrados en el Teatro Municipal (D\u00eda de Andaluc\u00eda, Carnaval, etc.) organizados por la Entidad Promotora.<\/p>\n<p>La Escuela Taller \u201cLas Tic en Casariche: Servicios P\u00fablicos Digitales\u201d est\u00e1 cofinanciada por la Consejer\u00eda de Educaci\u00f3n, el Servicio P\u00fablico de Empleo Estatal y el Fondo Social Europeo.<\/p>\n<p><a href=\"http:\/\/www.casariche.es\/?attachment_id=6467\" rel=\"attachment wp-att-6467\"><img loading=\"lazy\" decoding=\"async\" class=\"aligncenter size-full wp-image-6467\" title=\"logos\" src=\"http:\/\/www.casariche.es\/wp-content\/uploads\/2014\/04\/logos.jpg\" alt=\"\" width=\"480\" height=\"68\" srcset=\"https:\/\/www.casariche.es\/wp-content\/uploads\/2014\/04\/logos.jpg 480w, https:\/\/www.casariche.es\/wp-content\/uploads\/2014\/04\/logos-300x42.jpg 300w\" sizes=\"auto, (max-width: 480px) 100vw, 480px\" \/><\/a><\/p>\n<p>&nbsp;<\/p>\n<p><a href=\"http:\/\/www.casariche.es\/?attachment_id=6448\" rel=\"attachment wp-att-6448\"><img loading=\"lazy\" decoding=\"async\" class=\"aligncenter size-full wp-image-6448\" title=\"etaller\" src=\"http:\/\/www.casariche.es\/wp-content\/uploads\/2014\/04\/etaller.jpg\" alt=\"\" width=\"480\" height=\"260\" srcset=\"https:\/\/www.casariche.es\/wp-content\/uploads\/2014\/04\/etaller.jpg 480w, https:\/\/www.casariche.es\/wp-content\/uploads\/2014\/04\/etaller-300x162.jpg 300w\" sizes=\"auto, (max-width: 480px) 100vw, 480px\" \/><\/a><\/p>\n<p><a href=\"http:\/\/www.casariche.es\/?attachment_id=6449\" rel=\"attachment wp-att-6449\"><img loading=\"lazy\" decoding=\"async\" class=\"aligncenter size-full wp-image-6449\" title=\"etallercables\" src=\"http:\/\/www.casariche.es\/wp-content\/uploads\/2014\/04\/etallercables.jpg\" alt=\"\" width=\"480\" height=\"260\" srcset=\"https:\/\/www.casariche.es\/wp-content\/uploads\/2014\/04\/etallercables.jpg 480w, https:\/\/www.casariche.es\/wp-content\/uploads\/2014\/04\/etallercables-300x162.jpg 300w\" sizes=\"auto, (max-width: 480px) 100vw, 480px\" \/><\/a><\/p>\n<p><a href=\"http:\/\/www.casariche.es\/?attachment_id=6450\" rel=\"attachment wp-att-6450\"><img loading=\"lazy\" decoding=\"async\" class=\"aligncenter size-full wp-image-6450\" title=\"etallercables_02\" src=\"http:\/\/www.casariche.es\/wp-content\/uploads\/2014\/04\/etallercables_02.jpg\" alt=\"\" width=\"480\" height=\"260\" srcset=\"https:\/\/www.casariche.es\/wp-content\/uploads\/2014\/04\/etallercables_02.jpg 480w, https:\/\/www.casariche.es\/wp-content\/uploads\/2014\/04\/etallercables_02-300x162.jpg 300w\" sizes=\"auto, (max-width: 480px) 100vw, 480px\" \/><\/a><\/p>\n","protected":false},"excerpt":{"rendered":"<p>La Escuela Taller \u201cLas TIC en Casariche: Servicios P\u00fablicos Digitales\u201d, con su m\u00f3dulo Operador de Emisoras de Radio ha cumplido ha llegado al ecuador de<\/p>\n","protected":false},"author":2,"featured_media":6447,"comment_status":"closed","ping_status":"open","sticky":false,"template":"","format":"standard","meta":{"footnotes":""},"categories":[9,1],"tags":[94,62],"class_list":["post-6406","post","type-post","status-publish","format-standard","has-post-thumbnail","hentry","category-educacion","category-sin-categoria","tag-escuela","tag-taller"],"_links":{"self":[{"href":"https:\/\/www.casariche.es\/index.php?rest_route=\/wp\/v2\/posts\/6406","targetHints":{"allow":["GET"]}}],"collection":[{"href":"https:\/\/www.casariche.es\/index.php?rest_route=\/wp\/v2\/posts"}],"about":[{"href":"https:\/\/www.casariche.es\/index.php?rest_route=\/wp\/v2\/types\/post"}],"author":[{"embeddable":true,"href":"https:\/\/www.casariche.es\/index.php?rest_route=\/wp\/v2\/users\/2"}],"replies":[{"embeddable":true,"href":"https:\/\/www.casariche.es\/index.php?rest_route=%2Fwp%2Fv2%2Fcomments&post=6406"}],"version-history":[{"count":4,"href":"https:\/\/www.casariche.es\/index.php?rest_route=\/wp\/v2\/posts\/6406\/revisions"}],"predecessor-version":[{"id":6468,"href":"https:\/\/www.casariche.es\/index.php?rest_route=\/wp\/v2\/posts\/6406\/revisions\/6468"}],"wp:featuredmedia":[{"embeddable":true,"href":"https:\/\/www.casariche.es\/index.php?rest_route=\/wp\/v2\/media\/6447"}],"wp:attachment":[{"href":"https:\/\/www.casariche.es\/index.php?rest_route=%2Fwp%2Fv2%2Fmedia&parent=6406"}],"wp:term":[{"taxonomy":"category","embeddable":true,"href":"https:\/\/www.casariche.es\/index.php?rest_route=%2Fwp%2Fv2%2Fcategories&post=6406"},{"taxonomy":"post_tag","embeddable":true,"href":"https:\/\/www.casariche.es\/index.php?rest_route=%2Fwp%2Fv2%2Ftags&post=6406"}],"curies":[{"name":"wp","href":"https:\/\/api.w.org\/{rel}","templated":true}]}}