{"id":63729,"date":"2024-05-06T17:00:51","date_gmt":"2024-05-06T15:00:51","guid":{"rendered":"https:\/\/www.casariche.es\/?p=63729"},"modified":"2024-05-06T12:33:53","modified_gmt":"2024-05-06T10:33:53","slug":"guillermo-parrado-hortigosa-participa-del-8-al-12-de-mayo-en-el-campeonato-de-europa-de-xco-xcc-y-team-relay-2024","status":"publish","type":"post","link":"https:\/\/www.casariche.es\/?p=63729","title":{"rendered":"Guillermo Parrado Hortigosa participa del 8 al 12 de mayo en el Campeonato de Europa de XCO, XCC y Team Relay 2024"},"content":{"rendered":"<p style=\"text-align: justify;\">Siguen llegando <strong>buenas noticias para este joven deportista residente en Alcal\u00e1 de Guadaira, que posee una gran vinculaci\u00f3n con nuestro pueblo,<\/strong> ya que es hijo de los casariche\u00f1os Francisco Parrado y Montse Hortigosa.<\/p>\n<p style=\"text-align: justify;\"><strong>La Federaci\u00f3n Espa\u00f1ola de Ciclismo lo ha convocado para formar parte de la selecci\u00f3n espa\u00f1ola que competir\u00e1 en el Campeonato de Europa de XCO, XCC y Team Relay 2024<\/strong>, <strong>que se celebra del 8 al 12 de mayo en Ruman\u00eda<\/strong>, en el complejo tur\u00edstico de monta\u00f1a Cheile Gradistei. En este campeonato participar\u00e1n 19 bikers espa\u00f1oles en las categor\u00edas \u00e9lite, sub-23 y junior, siendo esta \u00faltima en la que compite Guillermo.<\/p>\n<p style=\"text-align: justify;\">Desde la Delegaci\u00f3n de Deportes, <strong>queremos dar la enhorabuena a Guillermo por su convocatoria y desearle lo mejor en esta experiencia internacional que est\u00e1 a punto de comenzar.<\/strong><\/p>\n<div id='gallery-1' class='gallery galleryid-63729 gallery-columns-1 gallery-size-full'><figure class='gallery-item'>\n\t\t\t<div class='gallery-icon landscape'>\n\t\t\t\t<a href='https:\/\/www.casariche.es\/?attachment_id=63731'><img loading=\"lazy\" decoding=\"async\" width=\"1440\" height=\"897\" src=\"https:\/\/www.casariche.es\/wp-content\/uploads\/2024\/05\/GUILLERMO-PARRADO-CONVOCATORIA-EUROPA.jpg\" class=\"attachment-full size-full\" alt=\"\" srcset=\"https:\/\/www.casariche.es\/wp-content\/uploads\/2024\/05\/GUILLERMO-PARRADO-CONVOCATORIA-EUROPA.jpg 1440w, https:\/\/www.casariche.es\/wp-content\/uploads\/2024\/05\/GUILLERMO-PARRADO-CONVOCATORIA-EUROPA-300x187.jpg 300w, https:\/\/www.casariche.es\/wp-content\/uploads\/2024\/05\/GUILLERMO-PARRADO-CONVOCATORIA-EUROPA-1024x638.jpg 1024w, https:\/\/www.casariche.es\/wp-content\/uploads\/2024\/05\/GUILLERMO-PARRADO-CONVOCATORIA-EUROPA-768x478.jpg 768w\" sizes=\"auto, (max-width: 1440px) 100vw, 1440px\" \/><\/a>\n\t\t\t<\/div><\/figure><figure class='gallery-item'>\n\t\t\t<div class='gallery-icon landscape'>\n\t\t\t\t<a href='https:\/\/www.casariche.es\/?attachment_id=63732'><img loading=\"lazy\" decoding=\"async\" width=\"900\" height=\"600\" src=\"https:\/\/www.casariche.es\/wp-content\/uploads\/2024\/05\/guillermo-parrado-victoria.jpg\" class=\"attachment-full size-full\" alt=\"\" srcset=\"https:\/\/www.casariche.es\/wp-content\/uploads\/2024\/05\/guillermo-parrado-victoria.jpg 900w, https:\/\/www.casariche.es\/wp-content\/uploads\/2024\/05\/guillermo-parrado-victoria-300x200.jpg 300w, https:\/\/www.casariche.es\/wp-content\/uploads\/2024\/05\/guillermo-parrado-victoria-768x512.jpg 768w, https:\/\/www.casariche.es\/wp-content\/uploads\/2024\/05\/guillermo-parrado-victoria-420x280.jpg 420w\" sizes=\"auto, (max-width: 900px) 100vw, 900px\" \/><\/a>\n\t\t\t<\/div><\/figure>\n\t\t<\/div>\n\n<p style=\"text-align: justify;\">\n","protected":false},"excerpt":{"rendered":"<p>Siguen llegando buenas noticias para este joven deportista residente en Alcal\u00e1 de Guadaira, que posee una gran vinculaci\u00f3n con nuestro pueblo, ya que es hijo<\/p>\n","protected":false},"author":2,"featured_media":63732,"comment_status":"closed","ping_status":"closed","sticky":false,"template":"","format":"standard","meta":{"footnotes":""},"categories":[8,1],"tags":[211,170,3748],"class_list":["post-63729","post","type-post","status-publish","format-standard","has-post-thumbnail","hentry","category-deportes","category-sin-categoria","tag-campeonato","tag-ciclismo","tag-europa"],"_links":{"self":[{"href":"https:\/\/www.casariche.es\/index.php?rest_route=\/wp\/v2\/posts\/63729","targetHints":{"allow":["GET"]}}],"collection":[{"href":"https:\/\/www.casariche.es\/index.php?rest_route=\/wp\/v2\/posts"}],"about":[{"href":"https:\/\/www.casariche.es\/index.php?rest_route=\/wp\/v2\/types\/post"}],"author":[{"embeddable":true,"href":"https:\/\/www.casariche.es\/index.php?rest_route=\/wp\/v2\/users\/2"}],"replies":[{"embeddable":true,"href":"https:\/\/www.casariche.es\/index.php?rest_route=%2Fwp%2Fv2%2Fcomments&post=63729"}],"version-history":[{"count":3,"href":"https:\/\/www.casariche.es\/index.php?rest_route=\/wp\/v2\/posts\/63729\/revisions"}],"predecessor-version":[{"id":63734,"href":"https:\/\/www.casariche.es\/index.php?rest_route=\/wp\/v2\/posts\/63729\/revisions\/63734"}],"wp:featuredmedia":[{"embeddable":true,"href":"https:\/\/www.casariche.es\/index.php?rest_route=\/wp\/v2\/media\/63732"}],"wp:attachment":[{"href":"https:\/\/www.casariche.es\/index.php?rest_route=%2Fwp%2Fv2%2Fmedia&parent=63729"}],"wp:term":[{"taxonomy":"category","embeddable":true,"href":"https:\/\/www.casariche.es\/index.php?rest_route=%2Fwp%2Fv2%2Fcategories&post=63729"},{"taxonomy":"post_tag","embeddable":true,"href":"https:\/\/www.casariche.es\/index.php?rest_route=%2Fwp%2Fv2%2Ftags&post=63729"}],"curies":[{"name":"wp","href":"https:\/\/api.w.org\/{rel}","templated":true}]}}