{"id":63654,"date":"2024-05-02T17:00:35","date_gmt":"2024-05-02T15:00:35","guid":{"rendered":"https:\/\/www.casariche.es\/?p=63654"},"modified":"2024-05-02T18:12:35","modified_gmt":"2024-05-02T16:12:35","slug":"ivan-garcia-participara-junto-con-la-seleccion-andaluza-de-fakm-kick-boxing-y-muay-thai-andalucia-en-el-campeonato-de-espana-de-tatami-sport-2024","status":"publish","type":"post","link":"https:\/\/www.casariche.es\/?p=63654","title":{"rendered":"Iv\u00e1n Garc\u00eda participar\u00e1 junto con la selecci\u00f3n andaluza de FAKM Kick Boxing y Muay Thai Andaluc\u00eda en el Campeonato de Espa\u00f1a de Tatami Sport 2024"},"content":{"rendered":"<p style=\"text-align: justify;\">El deportista local <strong>Iv\u00e1n Garc\u00eda Carvajal<\/strong>, miembro del club deportivo WON de Puente Genil, <strong>ha sido seleccionado para participar junto con la selecci\u00f3n andaluza de FAKM Kick Boxing y Muay Thai Andaluc\u00eda en el Campeonato de Espa\u00f1a de Tatami Sport<\/strong> que se celebrar\u00e1 en Guadalajara el pr\u00f3ximo mes de julio.<\/p>\n<p style=\"text-align: justify;\">Otra buen\u00edsima noticia en la trayectoria del joven casariche\u00f1o, <strong>al que deseamos mucha suerte en esta competici\u00f3n nacional.<\/strong><\/p>\n<p><img loading=\"lazy\" decoding=\"async\" class=\"alignnone wp-image-63655 size-full\" src=\"http:\/\/www.casariche.es\/wp-content\/uploads\/2024\/05\/439907329_18447823891032560_7052972488024362964_n.jpg\" alt=\"\" width=\"526\" height=\"526\" srcset=\"https:\/\/www.casariche.es\/wp-content\/uploads\/2024\/05\/439907329_18447823891032560_7052972488024362964_n.jpg 526w, https:\/\/www.casariche.es\/wp-content\/uploads\/2024\/05\/439907329_18447823891032560_7052972488024362964_n-300x300.jpg 300w, https:\/\/www.casariche.es\/wp-content\/uploads\/2024\/05\/439907329_18447823891032560_7052972488024362964_n-150x150.jpg 150w\" sizes=\"auto, (max-width: 526px) 100vw, 526px\" \/> <img loading=\"lazy\" decoding=\"async\" class=\"alignnone size-full wp-image-63656\" src=\"http:\/\/www.casariche.es\/wp-content\/uploads\/2024\/05\/ivan-garcia.jpg\" alt=\"\" width=\"526\" height=\"699\" srcset=\"https:\/\/www.casariche.es\/wp-content\/uploads\/2024\/05\/ivan-garcia.jpg 526w, https:\/\/www.casariche.es\/wp-content\/uploads\/2024\/05\/ivan-garcia-226x300.jpg 226w\" sizes=\"auto, (max-width: 526px) 100vw, 526px\" \/><\/p>\n","protected":false},"excerpt":{"rendered":"<p>El deportista local Iv\u00e1n Garc\u00eda Carvajal, miembro del club deportivo WON de Puente Genil, ha sido seleccionado para participar junto con la selecci\u00f3n andaluza de<\/p>\n","protected":false},"author":2,"featured_media":63656,"comment_status":"closed","ping_status":"closed","sticky":false,"template":"","format":"standard","meta":{"footnotes":""},"categories":[8,1],"tags":[211,461,4857],"class_list":["post-63654","post","type-post","status-publish","format-standard","has-post-thumbnail","hentry","category-deportes","category-sin-categoria","tag-campeonato","tag-espana","tag-kickboxing"],"_links":{"self":[{"href":"https:\/\/www.casariche.es\/index.php?rest_route=\/wp\/v2\/posts\/63654","targetHints":{"allow":["GET"]}}],"collection":[{"href":"https:\/\/www.casariche.es\/index.php?rest_route=\/wp\/v2\/posts"}],"about":[{"href":"https:\/\/www.casariche.es\/index.php?rest_route=\/wp\/v2\/types\/post"}],"author":[{"embeddable":true,"href":"https:\/\/www.casariche.es\/index.php?rest_route=\/wp\/v2\/users\/2"}],"replies":[{"embeddable":true,"href":"https:\/\/www.casariche.es\/index.php?rest_route=%2Fwp%2Fv2%2Fcomments&post=63654"}],"version-history":[{"count":1,"href":"https:\/\/www.casariche.es\/index.php?rest_route=\/wp\/v2\/posts\/63654\/revisions"}],"predecessor-version":[{"id":63657,"href":"https:\/\/www.casariche.es\/index.php?rest_route=\/wp\/v2\/posts\/63654\/revisions\/63657"}],"wp:featuredmedia":[{"embeddable":true,"href":"https:\/\/www.casariche.es\/index.php?rest_route=\/wp\/v2\/media\/63656"}],"wp:attachment":[{"href":"https:\/\/www.casariche.es\/index.php?rest_route=%2Fwp%2Fv2%2Fmedia&parent=63654"}],"wp:term":[{"taxonomy":"category","embeddable":true,"href":"https:\/\/www.casariche.es\/index.php?rest_route=%2Fwp%2Fv2%2Fcategories&post=63654"},{"taxonomy":"post_tag","embeddable":true,"href":"https:\/\/www.casariche.es\/index.php?rest_route=%2Fwp%2Fv2%2Ftags&post=63654"}],"curies":[{"name":"wp","href":"https:\/\/api.w.org\/{rel}","templated":true}]}}