{"id":63589,"date":"2024-05-02T09:00:48","date_gmt":"2024-05-02T07:00:48","guid":{"rendered":"https:\/\/www.casariche.es\/?p=63589"},"modified":"2024-05-01T10:32:05","modified_gmt":"2024-05-01T08:32:05","slug":"que-nadie-nos-haga-sentodos-contra-el-acoso-escolar","status":"publish","type":"post","link":"https:\/\/www.casariche.es\/?p=63589","title":{"rendered":"Que nadie nos haga sentir inferiores: Todos contra el acoso escolar"},"content":{"rendered":"<p style=\"text-align: justify;\">Hoy <b>2 de mayo se celebra el D\u00eda Internacional contra el Acoso Escolar <\/b>y queremos aprovechar esta fecha para sensibilizar a todos nuestros vecinos y\u00a0 vecinas frente al acoso y al ciberacoso.<\/p>\n<p style=\"text-align: justify;\">Por ello, <strong>os recomendamos\u00a0el visionado del reportaje \u2018Las heridas m\u00e1s profundas\u2019, realizado por la periodista local Mar\u00eda Mar\u00edn<\/strong>\u00a0y perteneciente a las mesas de j\u00f3venes\u00a0<strong>\u2018Hablamos, quedamos y te lo contamos\u2019<\/strong>, que incluye el testimonio real de una v\u00edctima de acoso escolar, as\u00ed como cuenta con las intervenciones de distintas profesionales de la Psicolog\u00eda, la Educaci\u00f3n, la Integraci\u00f3n y la Mediaci\u00f3n Social, adem\u00e1s de la Guardia Civil de Casariche y del AMPA del IES Atalaya.<\/p>\n<p style=\"text-align: justify;\">Este\u00a0<strong>reportaje tambi\u00e9n indaga sobre sobre c\u00f3mo la sociedad puede poner soluciones a este asunto<\/strong>.<\/p>\n<p style=\"text-align: justify;\">\u00a1No te lo puedes perder!<\/p>\n<p><iframe loading=\"lazy\" title=\"Reportaje sobre Bullying - \u2018Hablamos, quedamos y te lo contamos\u2019  2023\" width=\"750\" height=\"422\" src=\"https:\/\/www.youtube.com\/embed\/kbqw_nc3lYM?feature=oembed\" frameborder=\"0\" allow=\"accelerometer; autoplay; clipboard-write; encrypted-media; gyroscope; picture-in-picture; web-share\" referrerpolicy=\"strict-origin-when-cross-origin\" allowfullscreen><\/iframe><\/p>\n","protected":false},"excerpt":{"rendered":"<p>Hoy 2 de mayo se celebra el D\u00eda Internacional contra el Acoso Escolar y queremos aprovechar esta fecha para sensibilizar a todos nuestros vecinos y\u00a0<\/p>\n","protected":false},"author":2,"featured_media":53708,"comment_status":"closed","ping_status":"closed","sticky":false,"template":"","format":"standard","meta":{"footnotes":""},"categories":[1,22],"tags":[2543,107,1203],"class_list":["post-63589","post","type-post","status-publish","format-standard","has-post-thumbnail","hentry","category-sin-categoria","category-juventud","tag-acoso","tag-escolar","tag-reportaje"],"_links":{"self":[{"href":"https:\/\/www.casariche.es\/index.php?rest_route=\/wp\/v2\/posts\/63589","targetHints":{"allow":["GET"]}}],"collection":[{"href":"https:\/\/www.casariche.es\/index.php?rest_route=\/wp\/v2\/posts"}],"about":[{"href":"https:\/\/www.casariche.es\/index.php?rest_route=\/wp\/v2\/types\/post"}],"author":[{"embeddable":true,"href":"https:\/\/www.casariche.es\/index.php?rest_route=\/wp\/v2\/users\/2"}],"replies":[{"embeddable":true,"href":"https:\/\/www.casariche.es\/index.php?rest_route=%2Fwp%2Fv2%2Fcomments&post=63589"}],"version-history":[{"count":7,"href":"https:\/\/www.casariche.es\/index.php?rest_route=\/wp\/v2\/posts\/63589\/revisions"}],"predecessor-version":[{"id":63617,"href":"https:\/\/www.casariche.es\/index.php?rest_route=\/wp\/v2\/posts\/63589\/revisions\/63617"}],"wp:featuredmedia":[{"embeddable":true,"href":"https:\/\/www.casariche.es\/index.php?rest_route=\/wp\/v2\/media\/53708"}],"wp:attachment":[{"href":"https:\/\/www.casariche.es\/index.php?rest_route=%2Fwp%2Fv2%2Fmedia&parent=63589"}],"wp:term":[{"taxonomy":"category","embeddable":true,"href":"https:\/\/www.casariche.es\/index.php?rest_route=%2Fwp%2Fv2%2Fcategories&post=63589"},{"taxonomy":"post_tag","embeddable":true,"href":"https:\/\/www.casariche.es\/index.php?rest_route=%2Fwp%2Fv2%2Ftags&post=63589"}],"curies":[{"name":"wp","href":"https:\/\/api.w.org\/{rel}","templated":true}]}}