{"id":63313,"date":"2024-04-24T10:30:55","date_gmt":"2024-04-24T08:30:55","guid":{"rendered":"https:\/\/www.casariche.es\/?p=63313"},"modified":"2024-04-24T10:31:20","modified_gmt":"2024-04-24T08:31:20","slug":"las-ayudas-para-el-alumnado-con-necesidades-especificas-de-apoyo-educativo-curso-2024-25-podran-solicitarse-del-30-de-abril-al-13-de-septiembre","status":"publish","type":"post","link":"https:\/\/www.casariche.es\/?p=63313","title":{"rendered":"Las\u00a0ayudas para el alumnado con necesidades espec\u00edficas de apoyo educativo\u00a0curso 2024-25 podr\u00e1n solicitarse del 30 de abril al 13 de septiembre"},"content":{"rendered":"<p style=\"text-align: justify;\">Desde el<strong>\u00a030 de abril\u00a0<\/strong>hasta el pr\u00f3ximo\u00a0<strong>13 de septiembre\u00a0<\/strong>de 2024, ambos incluidos, se podr\u00e1 solicitar al\u00a0<strong>Ministerio de Educaci\u00f3n, Formaci\u00f3n Profesional y Deportes<\/strong>\u00a0las\u00a0<strong>Ayudas para el alumnado con necesidades espec\u00edficas de apoyo educativo<\/strong><strong>\u00a0<\/strong>(alumnado NEAE) <strong>para el pr\u00f3ximo curso 2024-25<\/strong>, de acuerdo al anuncio publicado en el BOE del pasado viernes 19 de abril.<\/p>\n<p style=\"text-align: justify;\">Podr\u00e1n <strong>solicitar las ayudas los alumnos que no superen una determinada renta y\/o patrimonio familiar y que presenten necesidad espec\u00edfica de apoyo educativo<\/strong> <strong>derivada de discapacidad o trastornos graves de conducta o trastornos graves de la comunicaci\u00f3n y del lenguaje asociado a necesidades educativas especiales y que se encuentren cursando en centro espec\u00edfico<\/strong>, en unidad de Educaci\u00f3n Especial de centro ordinario o en centro ordinario que escolarice alumnos que presentan necesidades educativas especiales, alguno de los niveles educativos no universitarios.<\/p>\n<p style=\"text-align: justify;\">Asimismo, <strong>podr\u00e1n solicitar las ayudas los alumnos con TEA y los alumnos con necesidad espec\u00edfica de apoyo educativo asociado a altas capacidades<\/strong>.<\/p>\n<p style=\"text-align: justify;\">En funci\u00f3n de si las familias que soliciten la ayuda cumplen o no los requisitos econ\u00f3micos, podr\u00e1n recibir\u00a0<strong>ayudas directas\u00a0<\/strong>o\u00a0<strong>subsidios<\/strong>. En cualquier caso, las familias deber\u00e1n cumplir los requisitos que justifican la necesidad espec\u00edfica de apoyo educativo.<\/p>\n<p style=\"text-align: justify;\"><strong>Las solicitudes tanto de ayudas como de subsidios deber\u00e1n cumplimentarse<\/strong><br \/>\n<strong>mediante el formulario accesible por internet en la direcci\u00f3n<\/strong><br \/>\nwww.educacionyfp.gob.es o a trav\u00e9s de la sede electr\u00f3nica del Ministerio de<br \/>\nEducaci\u00f3n y Formaci\u00f3n Profesional en la direcci\u00f3n https:\/\/sede.educacion.gob.es.<\/p>\n<p style=\"text-align: justify;\"><strong>El plazo de presentaci\u00f3n de solicitudes estar\u00e1 abierto del 30 de abril al 13 de septiembre de 2024<\/strong>.<\/p>\n<p><a href=\"http:\/\/www.casariche.es\/wp-content\/uploads\/2024\/04\/BOE-B-2024-14197.pdf\" target=\"_blank\" rel=\"noopener\">Consultar BOE del 19 de abril de 2024<\/a><\/p>\n<p><img loading=\"lazy\" decoding=\"async\" class=\"alignnone size-full wp-image-63315\" src=\"http:\/\/www.casariche.es\/wp-content\/uploads\/2024\/04\/ayudas-cole-discapacidad.jpeg\" alt=\"\" width=\"2048\" height=\"1379\" srcset=\"https:\/\/www.casariche.es\/wp-content\/uploads\/2024\/04\/ayudas-cole-discapacidad.jpeg 2048w, https:\/\/www.casariche.es\/wp-content\/uploads\/2024\/04\/ayudas-cole-discapacidad-300x202.jpeg 300w, https:\/\/www.casariche.es\/wp-content\/uploads\/2024\/04\/ayudas-cole-discapacidad-1024x690.jpeg 1024w, https:\/\/www.casariche.es\/wp-content\/uploads\/2024\/04\/ayudas-cole-discapacidad-768x517.jpeg 768w, https:\/\/www.casariche.es\/wp-content\/uploads\/2024\/04\/ayudas-cole-discapacidad-1536x1034.jpeg 1536w\" sizes=\"auto, (max-width: 2048px) 100vw, 2048px\" \/><\/p>\n","protected":false},"excerpt":{"rendered":"<p>Desde el\u00a030 de abril\u00a0hasta el pr\u00f3ximo\u00a013 de septiembre\u00a0de 2024, ambos incluidos, se podr\u00e1 solicitar al\u00a0Ministerio de Educaci\u00f3n, Formaci\u00f3n Profesional y Deportes\u00a0las\u00a0Ayudas para el alumnado con<\/p>\n","protected":false},"author":2,"featured_media":63315,"comment_status":"closed","ping_status":"closed","sticky":false,"template":"","format":"standard","meta":{"footnotes":""},"categories":[9,1,6],"tags":[540,90,1893],"class_list":["post-63313","post","type-post","status-publish","format-standard","has-post-thumbnail","hentry","category-educacion","category-sin-categoria","category-bienestar-social","tag-apoyo","tag-curso","tag-educativo"],"_links":{"self":[{"href":"https:\/\/www.casariche.es\/index.php?rest_route=\/wp\/v2\/posts\/63313","targetHints":{"allow":["GET"]}}],"collection":[{"href":"https:\/\/www.casariche.es\/index.php?rest_route=\/wp\/v2\/posts"}],"about":[{"href":"https:\/\/www.casariche.es\/index.php?rest_route=\/wp\/v2\/types\/post"}],"author":[{"embeddable":true,"href":"https:\/\/www.casariche.es\/index.php?rest_route=\/wp\/v2\/users\/2"}],"replies":[{"embeddable":true,"href":"https:\/\/www.casariche.es\/index.php?rest_route=%2Fwp%2Fv2%2Fcomments&post=63313"}],"version-history":[{"count":1,"href":"https:\/\/www.casariche.es\/index.php?rest_route=\/wp\/v2\/posts\/63313\/revisions"}],"predecessor-version":[{"id":63316,"href":"https:\/\/www.casariche.es\/index.php?rest_route=\/wp\/v2\/posts\/63313\/revisions\/63316"}],"wp:featuredmedia":[{"embeddable":true,"href":"https:\/\/www.casariche.es\/index.php?rest_route=\/wp\/v2\/media\/63315"}],"wp:attachment":[{"href":"https:\/\/www.casariche.es\/index.php?rest_route=%2Fwp%2Fv2%2Fmedia&parent=63313"}],"wp:term":[{"taxonomy":"category","embeddable":true,"href":"https:\/\/www.casariche.es\/index.php?rest_route=%2Fwp%2Fv2%2Fcategories&post=63313"},{"taxonomy":"post_tag","embeddable":true,"href":"https:\/\/www.casariche.es\/index.php?rest_route=%2Fwp%2Fv2%2Ftags&post=63313"}],"curies":[{"name":"wp","href":"https:\/\/api.w.org\/{rel}","templated":true}]}}