{"id":62363,"date":"2024-03-21T12:30:30","date_gmt":"2024-03-21T11:30:30","guid":{"rendered":"https:\/\/www.casariche.es\/?p=62363"},"modified":"2024-03-21T10:51:02","modified_gmt":"2024-03-21T09:51:02","slug":"te-gustaria-formarte-para-trabajar-en-el-sector-del-poliester-esta-es-tu-oportunidad","status":"publish","type":"post","link":"https:\/\/www.casariche.es\/?p=62363","title":{"rendered":"\u00bfTe gustar\u00eda formarte para trabajar en el sector del poli\u00e9ster? Esta es tu oportunidad"},"content":{"rendered":"<p style=\"text-align: justify;\">Informamos a todos los vecinos\/as de la localidad que desde nuestro Ayuntamiento <strong>se va a poner en marcha un curso vinculado al sector del poli\u00e9ster.<\/strong> Concretamente, dicha formaci\u00f3n se denomina <strong>Curso de Resina de Poli\u00e9ster, Fibra de Vidrio y Moldes.<\/strong><\/p>\n<p style=\"text-align: justify;\">Este curso consta de un total de <strong>100 horas de formaci\u00f3n y est\u00e1 destinado a personas desempleadas de nuestra localidad.<\/strong><\/p>\n<p style=\"text-align: justify;\">Del mismo modo, todas aquellas personas que lo cursen ser\u00e1n gratificadas con <strong>un incentivo econ\u00f3mico de 528\u20ac.<\/strong><\/p>\n<p style=\"text-align: justify;\">Para m\u00e1s informaci\u00f3n al respecto, <strong>acude al Ayuntamiento y pregunta a Luc\u00eda Linares.<\/strong><\/p>\n<p><img loading=\"lazy\" decoding=\"async\" class=\"alignnone size-full wp-image-62366\" src=\"http:\/\/www.casariche.es\/wp-content\/uploads\/2024\/03\/CURSO-POLIESTER.png\" alt=\"\" width=\"1587\" height=\"2245\" srcset=\"https:\/\/www.casariche.es\/wp-content\/uploads\/2024\/03\/CURSO-POLIESTER.png 1587w, https:\/\/www.casariche.es\/wp-content\/uploads\/2024\/03\/CURSO-POLIESTER-212x300.png 212w, https:\/\/www.casariche.es\/wp-content\/uploads\/2024\/03\/CURSO-POLIESTER-724x1024.png 724w, https:\/\/www.casariche.es\/wp-content\/uploads\/2024\/03\/CURSO-POLIESTER-768x1086.png 768w, https:\/\/www.casariche.es\/wp-content\/uploads\/2024\/03\/CURSO-POLIESTER-1086x1536.png 1086w, https:\/\/www.casariche.es\/wp-content\/uploads\/2024\/03\/CURSO-POLIESTER-1448x2048.png 1448w\" sizes=\"auto, (max-width: 1587px) 100vw, 1587px\" \/><\/p>\n","protected":false},"excerpt":{"rendered":"<p>Informamos a todos los vecinos\/as de la localidad que desde nuestro Ayuntamiento se va a poner en marcha un curso vinculado al sector del poli\u00e9ster.<\/p>\n","protected":false},"author":2,"featured_media":62366,"comment_status":"closed","ping_status":"closed","sticky":false,"template":"","format":"standard","meta":{"footnotes":""},"categories":[9,1],"tags":[90,4854],"class_list":["post-62363","post","type-post","status-publish","format-standard","has-post-thumbnail","hentry","category-educacion","category-sin-categoria","tag-curso","tag-poliester"],"_links":{"self":[{"href":"https:\/\/www.casariche.es\/index.php?rest_route=\/wp\/v2\/posts\/62363","targetHints":{"allow":["GET"]}}],"collection":[{"href":"https:\/\/www.casariche.es\/index.php?rest_route=\/wp\/v2\/posts"}],"about":[{"href":"https:\/\/www.casariche.es\/index.php?rest_route=\/wp\/v2\/types\/post"}],"author":[{"embeddable":true,"href":"https:\/\/www.casariche.es\/index.php?rest_route=\/wp\/v2\/users\/2"}],"replies":[{"embeddable":true,"href":"https:\/\/www.casariche.es\/index.php?rest_route=%2Fwp%2Fv2%2Fcomments&post=62363"}],"version-history":[{"count":3,"href":"https:\/\/www.casariche.es\/index.php?rest_route=\/wp\/v2\/posts\/62363\/revisions"}],"predecessor-version":[{"id":62367,"href":"https:\/\/www.casariche.es\/index.php?rest_route=\/wp\/v2\/posts\/62363\/revisions\/62367"}],"wp:featuredmedia":[{"embeddable":true,"href":"https:\/\/www.casariche.es\/index.php?rest_route=\/wp\/v2\/media\/62366"}],"wp:attachment":[{"href":"https:\/\/www.casariche.es\/index.php?rest_route=%2Fwp%2Fv2%2Fmedia&parent=62363"}],"wp:term":[{"taxonomy":"category","embeddable":true,"href":"https:\/\/www.casariche.es\/index.php?rest_route=%2Fwp%2Fv2%2Fcategories&post=62363"},{"taxonomy":"post_tag","embeddable":true,"href":"https:\/\/www.casariche.es\/index.php?rest_route=%2Fwp%2Fv2%2Ftags&post=62363"}],"curies":[{"name":"wp","href":"https:\/\/api.w.org\/{rel}","templated":true}]}}