{"id":60879,"date":"2024-02-06T09:00:04","date_gmt":"2024-02-06T08:00:04","guid":{"rendered":"https:\/\/www.casariche.es\/?p=60879"},"modified":"2024-02-05T15:38:53","modified_gmt":"2024-02-05T14:38:53","slug":"casariche-habilita-un-centro-de-capacitacion-digital-en-el-edificio-guadalinfo","status":"publish","type":"post","link":"https:\/\/www.casariche.es\/?p=60879","title":{"rendered":"Casariche habilita un Centro de Capacitaci\u00f3n Digital en el edificio Guadalinfo"},"content":{"rendered":"<p style=\"text-align: justify;\">Casariche pone en marcha un <strong>centro perteneciente a la Red Estatal de Centros de Capacitaci\u00f3n Digital en entidades locales en el marco del Plan de Recuperaci\u00f3n, Transformaci\u00f3n y Resiliencia<\/strong>, financiado por la Uni\u00f3n Europea, fondos Next Generation UE.<\/p>\n<p style=\"text-align: justify;\">Este centro est\u00e1 <strong>destinado a la organizaci\u00f3n e impartici\u00f3n de la formaci\u00f3n conducente a la capacitaci\u00f3n digital<\/strong> prevista en la convocatoria y al acompa\u00f1amiento en el proceso de acreditaci\u00f3n de competencias profesionales tanto para personas desempleadas como para personas empleadas.<\/p>\n<p style=\"text-align: justify;\">La ubicaci\u00f3n del Centro de Capacitaci\u00f3n digital <strong>est\u00e1 en el edificio Guadalinfo<\/strong>.<\/p>\n<p><img loading=\"lazy\" decoding=\"async\" class=\"alignnone size-full wp-image-60885\" src=\"http:\/\/www.casariche.es\/wp-content\/uploads\/2024\/02\/www.casariche.es23.jpg\" alt=\"\" width=\"2000\" height=\"1414\" srcset=\"https:\/\/www.casariche.es\/wp-content\/uploads\/2024\/02\/www.casariche.es23.jpg 2000w, https:\/\/www.casariche.es\/wp-content\/uploads\/2024\/02\/www.casariche.es23-300x212.jpg 300w, https:\/\/www.casariche.es\/wp-content\/uploads\/2024\/02\/www.casariche.es23-1024x724.jpg 1024w, https:\/\/www.casariche.es\/wp-content\/uploads\/2024\/02\/www.casariche.es23-768x543.jpg 768w, https:\/\/www.casariche.es\/wp-content\/uploads\/2024\/02\/www.casariche.es23-1536x1086.jpg 1536w\" sizes=\"auto, (max-width: 2000px) 100vw, 2000px\" \/><\/p>\n","protected":false},"excerpt":{"rendered":"<p>Casariche pone en marcha un centro perteneciente a la Red Estatal de Centros de Capacitaci\u00f3n Digital en entidades locales en el marco del Plan de<\/p>\n","protected":false},"author":2,"featured_media":60885,"comment_status":"closed","ping_status":"closed","sticky":false,"template":"","format":"standard","meta":{"footnotes":""},"categories":[1],"tags":[4825,82,774],"class_list":["post-60879","post","type-post","status-publish","format-standard","has-post-thumbnail","hentry","category-sin-categoria","tag-capacitacion","tag-centro","tag-digital"],"_links":{"self":[{"href":"https:\/\/www.casariche.es\/index.php?rest_route=\/wp\/v2\/posts\/60879","targetHints":{"allow":["GET"]}}],"collection":[{"href":"https:\/\/www.casariche.es\/index.php?rest_route=\/wp\/v2\/posts"}],"about":[{"href":"https:\/\/www.casariche.es\/index.php?rest_route=\/wp\/v2\/types\/post"}],"author":[{"embeddable":true,"href":"https:\/\/www.casariche.es\/index.php?rest_route=\/wp\/v2\/users\/2"}],"replies":[{"embeddable":true,"href":"https:\/\/www.casariche.es\/index.php?rest_route=%2Fwp%2Fv2%2Fcomments&post=60879"}],"version-history":[{"count":4,"href":"https:\/\/www.casariche.es\/index.php?rest_route=\/wp\/v2\/posts\/60879\/revisions"}],"predecessor-version":[{"id":60887,"href":"https:\/\/www.casariche.es\/index.php?rest_route=\/wp\/v2\/posts\/60879\/revisions\/60887"}],"wp:featuredmedia":[{"embeddable":true,"href":"https:\/\/www.casariche.es\/index.php?rest_route=\/wp\/v2\/media\/60885"}],"wp:attachment":[{"href":"https:\/\/www.casariche.es\/index.php?rest_route=%2Fwp%2Fv2%2Fmedia&parent=60879"}],"wp:term":[{"taxonomy":"category","embeddable":true,"href":"https:\/\/www.casariche.es\/index.php?rest_route=%2Fwp%2Fv2%2Fcategories&post=60879"},{"taxonomy":"post_tag","embeddable":true,"href":"https:\/\/www.casariche.es\/index.php?rest_route=%2Fwp%2Fv2%2Ftags&post=60879"}],"curies":[{"name":"wp","href":"https:\/\/api.w.org\/{rel}","templated":true}]}}