{"id":6067,"date":"2014-03-11T21:01:44","date_gmt":"2014-03-11T18:31:44","guid":{"rendered":"http:\/\/www.casariche.es\/?p=6067"},"modified":"2014-03-11T21:14:22","modified_gmt":"2014-03-11T18:44:22","slug":"la-presidenta-de-lajunta-ha-inaugurado-la-coleccion-museografica-del-mosaico-romano-de-casariche","status":"publish","type":"post","link":"https:\/\/www.casariche.es\/?p=6067","title":{"rendered":"La Presidenta de la Junta ha inaugurado la Colecci\u00f3n Museogr\u00e1fica del Mosaico Romano de Casariche"},"content":{"rendered":"<p>La presidenta de la Junta de Andaluc\u00eda, Susana D\u00edaz, ha inaugurado en la ma\u00f1ana de hoy martes la Colecci\u00f3n Museogr\u00e1fica del Mosaico Romano \u201cJos\u00e9 Herrera Rodas\u201d de Casariche, un espacio que concentrar\u00e1 la riqueza hist\u00f3rico-cultural de nuestro municipio. \u00a0En este sentido, ha destacado la importancia de que los municipios andaluces apuesten por el patrimonio \u00abcomo un activo para generar riqueza y de desarrollo rural,\u00a0 porque contribuye a estimular la econom\u00eda y el empleo\u00bb.<\/p>\n<p>Cabe destacar que con la visita de hoy, Casariche ha recibido a dos Presidentes de la Junta de Andaluc\u00eda dentro de una misma legislatura, ya que Jos\u00e9 Antonio Gri\u00f1\u00e1n visit\u00f3 nuestra localidad en Febrero de 2012.<\/p>\n<p>La Presidenta se ha desplazado en primer lugar al Ayuntamiento de Casariche, donde ha sido recibido oficialmente por nuestro Alcalde, Basilio Carri\u00f3n, y su grupo de concejales. Tambi\u00e9n se desplazaron a Casariche para la ocasi\u00f3n otros alcaldes y autoridades, entre ellos, los Delegados Provinciales de Comercio, Turismo y Deporte, y de Salud, Igualdad y Pol\u00edticas Sociales, as\u00ed como han sido muchos los casariche\u00f1os\/as que se han congregado en la Plaza del Ayuntamiento para tener la oportunidad de saludar a la Presidenta de la Junta de Andaluc\u00eda.<\/p>\n<p>Una vez all\u00ed, ha firmado en Libro de Visitas del Ayuntamiento, tras lo cual un vecino de nuestra localidad, Pepe Bastos, le ha hecho entrega de un obsequio con la imagen del Faro de Triana. Inmediatamente despu\u00e9s, la Presidenta ha mantenido con nuestro Alcalde una breve reuni\u00f3n de trabajo.<\/p>\n<p>&nbsp;<\/p>\n<p><a href=\"http:\/\/www.casariche.es\/?attachment_id=6073\" rel=\"attachment wp-att-6073\"><img loading=\"lazy\" decoding=\"async\" class=\"aligncenter size-full wp-image-6073\" title=\"presidenta firma libro visitas ayto (3)\" src=\"http:\/\/www.casariche.es\/wp-content\/uploads\/2014\/03\/presidenta-firma-libro-visitas-ayto-3.jpg\" alt=\"\" width=\"480\" height=\"260\" srcset=\"https:\/\/www.casariche.es\/wp-content\/uploads\/2014\/03\/presidenta-firma-libro-visitas-ayto-3.jpg 480w, https:\/\/www.casariche.es\/wp-content\/uploads\/2014\/03\/presidenta-firma-libro-visitas-ayto-3-300x162.jpg 300w\" sizes=\"auto, (max-width: 480px) 100vw, 480px\" \/><\/a><\/p>\n<p><a href=\"http:\/\/www.casariche.es\/?attachment_id=6074\" rel=\"attachment wp-att-6074\"><img loading=\"lazy\" decoding=\"async\" class=\"aligncenter size-full wp-image-6074\" title=\"entrega detalle pepe bastos (5)\" src=\"http:\/\/www.casariche.es\/wp-content\/uploads\/2014\/03\/entrega-detalle-pepe-bastos-5.jpg\" alt=\"\" width=\"480\" height=\"260\" srcset=\"https:\/\/www.casariche.es\/wp-content\/uploads\/2014\/03\/entrega-detalle-pepe-bastos-5.jpg 480w, https:\/\/www.casariche.es\/wp-content\/uploads\/2014\/03\/entrega-detalle-pepe-bastos-5-300x162.jpg 300w\" sizes=\"auto, (max-width: 480px) 100vw, 480px\" \/><\/a><\/p>\n<p>Seguidamente, el grupo se ha desplazado a pie hasta el edificio a inaugurar, teniendo la oportunidad nuevamente la Presidenta de saludar a m\u00e1s\u00a0 vecinos y vecinas que se agolpaban a su paso. \u00a0Susana D\u00edaz \u201cse ha mostrado en todo momento muy cercana y no ha dudado en atender a todas aquellas personas que se lo han solicitado: mayores, ni\u00f1os, trabajadores, miembros de protecci\u00f3n civil\u2026\u201d.<\/p>\n<p><a href=\"http:\/\/www.casariche.es\/?attachment_id=6076\" rel=\"attachment wp-att-6076\"><img loading=\"lazy\" decoding=\"async\" class=\"aligncenter size-full wp-image-6076\" title=\"presidenta saluda a vecinos\" src=\"http:\/\/www.casariche.es\/wp-content\/uploads\/2014\/03\/presidenta-saluda-a-vecinos.jpg\" alt=\"\" width=\"480\" height=\"260\" srcset=\"https:\/\/www.casariche.es\/wp-content\/uploads\/2014\/03\/presidenta-saluda-a-vecinos.jpg 480w, https:\/\/www.casariche.es\/wp-content\/uploads\/2014\/03\/presidenta-saluda-a-vecinos-300x162.jpg 300w\" sizes=\"auto, (max-width: 480px) 100vw, 480px\" \/><\/a><\/p>\n<p>El acto ha dado comienzo con el descubrimiento de la placa inaugural, para dar paso a una breve ronda de intervenciones, en la que han tomado parte, la Presidenta, nuestro Alcalde y Jos\u00e9 Herrera Rodas, vecino cuyo nombre recibe esta Colecci\u00f3n Museogr\u00e1fica del Mosaico Romano de Casariche, \u201cun profesor actualmente jubilado y estudioso incansable del pasado romano de nuestra localidad\u201d.<\/p>\n<p><a href=\"http:\/\/www.casariche.es\/?attachment_id=6069\" rel=\"attachment wp-att-6069\"><img loading=\"lazy\" decoding=\"async\" class=\"aligncenter size-full wp-image-6069\" title=\"descubrimiento placa inaugural (1)\" src=\"http:\/\/www.casariche.es\/wp-content\/uploads\/2014\/03\/descubrimiento-placa-inaugural-1.jpg\" alt=\"\" width=\"480\" height=\"260\" srcset=\"https:\/\/www.casariche.es\/wp-content\/uploads\/2014\/03\/descubrimiento-placa-inaugural-1.jpg 480w, https:\/\/www.casariche.es\/wp-content\/uploads\/2014\/03\/descubrimiento-placa-inaugural-1-300x162.jpg 300w\" sizes=\"auto, (max-width: 480px) 100vw, 480px\" \/><\/a><\/p>\n<p><a href=\"http:\/\/www.casariche.es\/?attachment_id=6070\" rel=\"attachment wp-att-6070\"><img loading=\"lazy\" decoding=\"async\" class=\"aligncenter size-full wp-image-6070\" title=\"descubrimiento placa inaugural (4)\" src=\"http:\/\/www.casariche.es\/wp-content\/uploads\/2014\/03\/descubrimiento-placa-inaugural-4.jpg\" alt=\"\" width=\"480\" height=\"260\" srcset=\"https:\/\/www.casariche.es\/wp-content\/uploads\/2014\/03\/descubrimiento-placa-inaugural-4.jpg 480w, https:\/\/www.casariche.es\/wp-content\/uploads\/2014\/03\/descubrimiento-placa-inaugural-4-300x162.jpg 300w\" sizes=\"auto, (max-width: 480px) 100vw, 480px\" \/><\/a><\/p>\n<p>Durante su intervenci\u00f3n, Jos\u00e9 Herrera ha agradecido visiblemente emocionado este homenaje a su persona, teniendo un recuerdo para todos los alcaldes que han hecho posible que este edificio sea hoy una realidad y dedicando este homenaje a la memoria de sus padres, a su esposa, hijos y nietos, \u201ca los que ha robado tanto tiempo por adentrarse en el estudio y la investigaci\u00f3n de nuestro pasado\u201d.<\/p>\n<p>A continuaci\u00f3n, nuestro Alcalde, adem\u00e1s de reiterar su agradecimiento a la Presidenta de la Junta por estar presente en esta inauguraci\u00f3n, ha destacado, en primer lugar, \u201cla importancia de las alianzas entre Administraciones (Junta de Andaluc\u00eda, Ayuntamiento, Diputaci\u00f3n de Sevilla, Grupo Local de Desarrollo Sierra Sur y la Fundaci\u00f3n Tierras de Jos\u00e9 M\u00aa El Tempranillo que han hecho posible que Casariche disponga hoy de este edificio, que ha supuesto una inversi\u00f3n global de m\u00e1s de 1.200.000 Euros, as\u00ed como ha agradecido el trabajo realizado por todas y cada una de las Corporaciones Locales que han trabajado por la consecuci\u00f3n del mismo\u201d. Asimismo, ha se\u00f1alado que \u201cseguir\u00e1 trabajando hasta conseguir que el Mosaico \u201cEl Juicio de Paris\u201d, retorne a nuestro municipio y est\u00e9 presidiendo esta Colecci\u00f3n Museogr\u00e1fica\u201d.<\/p>\n<p>Por su parte, Susana D\u00edaz ha calificado a este tipo de actuaciones en pro de la promoci\u00f3n del patrimonio hist\u00f3rico \u201cde apuestas inteligentes que nos permiten sacar todo el potencial de nuestros pueblos y los convierten en un atractivo tur\u00edstico y cultural, a la vez que acercan la cultura a todos y a todas, ayudando a construir esp\u00edritus libres y cr\u00edticos\u00bb.<\/p>\n<p>Tras la ronda de intervenciones, se ha hecho entrega a la Presidenta de un obsequio realizado en mosaico con los escudos de la Junta de Andaluc\u00eda y del Ayuntamiento de Casariche, elaborado por el Centro Especial de Empleo Mosaicos Casariche y se ha iniciado la visita a la Colecci\u00f3n Museogr\u00e1fica. \u00a0Esta \u00a0ha concluido en el s\u00f3tano del edificio, donde se ubica el Taller de Trabajo del Centro Especial de Empleo Mosaicos Casariche, en el cual \u00a0Susana D\u00edaz ha podido familiarizarse con la forma artesanal de elaboraci\u00f3n de mosaicos que sus trabajadores llevan a cabo e incluso ha colocado una tesela con sus propias manos\u201d.<\/p>\n<p><a href=\"http:\/\/www.casariche.es\/?attachment_id=6077\" rel=\"attachment wp-att-6077\"><img loading=\"lazy\" decoding=\"async\" class=\"aligncenter size-full wp-image-6077\" title=\"detalle entregado a la presidenta\" src=\"http:\/\/www.casariche.es\/wp-content\/uploads\/2014\/03\/detalle-entregado-a-la-presidenta.jpg\" alt=\"\" width=\"480\" height=\"260\" srcset=\"https:\/\/www.casariche.es\/wp-content\/uploads\/2014\/03\/detalle-entregado-a-la-presidenta.jpg 480w, https:\/\/www.casariche.es\/wp-content\/uploads\/2014\/03\/detalle-entregado-a-la-presidenta-300x162.jpg 300w\" sizes=\"auto, (max-width: 480px) 100vw, 480px\" \/><\/a><\/p>\n<p><a href=\"http:\/\/www.casariche.es\/?attachment_id=6078\" rel=\"attachment wp-att-6078\"><img loading=\"lazy\" decoding=\"async\" class=\"aligncenter size-full wp-image-6078\" title=\"presidenta coloca tesela (1)\" src=\"http:\/\/www.casariche.es\/wp-content\/uploads\/2014\/03\/presidenta-coloca-tesela-1.jpg\" alt=\"\" width=\"480\" height=\"260\" srcset=\"https:\/\/www.casariche.es\/wp-content\/uploads\/2014\/03\/presidenta-coloca-tesela-1.jpg 480w, https:\/\/www.casariche.es\/wp-content\/uploads\/2014\/03\/presidenta-coloca-tesela-1-300x162.jpg 300w\" sizes=\"auto, (max-width: 480px) 100vw, 480px\" \/><\/a><\/p>\n<p>Este acto inaugural ha contado adem\u00e1s con la presencia de la Directora del Museo Arqueol\u00f3gico, \u201cque ha quedado gratamente sorprendida por la calidad de las instalaciones\u201d. Asimismo, ha asistido el alumnado de la Escuela Taller \u201cLas TIC en Casariche: Servicios P\u00fablicos Digitales\u201d, con \u201cquienes la Presidenta de la Junta de Andaluc\u00eda ha mantenido tambi\u00e9n una breve charla\u201d.<\/p>\n<p>La Colecci\u00f3n Museogr\u00e1fica del Mosaico Romano \u201cJos\u00e9 Herrera Rodas\u201d de Casariche puede visitarse en los siguientes horarios:<\/p>\n<ul>\n<li>De Octubre a Marzo: De martes a s\u00e1bado: de 10:00 a 14:00 h\/ De 16:00 h a 18:00 h.\u00a0 Domingos: de 10:00 a 15:00 h.<\/li>\n<li>De Abril a Septiembre: De martes a s\u00e1bado: de 10:00 a 14:00 h\/ De 18:00 h a 20:00 h.\u00a0 Domingos: de 10:00 a 15:00 h.<\/li>\n<\/ul>\n<p>&nbsp;<\/p>\n<p><span style=\"text-decoration: underline;\">Datos de la Colecci\u00f3n Museogr\u00e1fica<\/span><\/p>\n<p>La apertura al p\u00fablico de esta Colecci\u00f3n Museogr\u00e1fica ha supuesto para nuestro municipio un paso adelante en nuestra apuesta por el desarrollo tur\u00edstico. En el interior de este edificio, el visitante tendr\u00e1 la oportunidad de conocer a fondo el arte y la t\u00e9cnica del mosaico en el mundo antiguo, la vida en la \u00e9poca romana, la importancia cultural y comercial de Andaluc\u00eda para el Imperio Romano y la leyenda del Juicio de Paris, vinculada con el fin de Troya y el nacimiento de Roma, seg\u00fan nos cuenta Ovidio en la Eneida. Tambi\u00e9n dar\u00e1 a conocer al visitante el episodio definitivo de la guerra civil que enfrent\u00f3 a Julio C\u00e9sar contra Pompeyo el Grande y\u00a0 la historia de la batalla de Munda, la \u00faltima y decisiva batalla de C\u00e9sar, donde se confirma el dominio absoluto de Roma.<\/p>\n<p>El edificio consta de nueve salas y una sala de proyecciones que ayudar\u00e1n al visitante a descubrir la relaci\u00f3n de Casariche con el mundo romano, desde la historia del territorio y de la antigua Ventippo hasta la vida en las villas romanas, sin olvidarnos del arte y la t\u00e9cnica musivaria, con el Taller del artesano. Los bienes expuestos pertenecen a la colecci\u00f3n muse\u00edstica de Andaluc\u00eda.<\/p>\n<p>Cabe recordar que esta Colecci\u00f3n Museogr\u00e1fica, que ve ahora la luz, viene a completar a su vez la oferta tur\u00edstica de la Fundaci\u00f3n \u201cTierras de Jos\u00e9 Mar\u00eda El Tempranillo\u201d, y se enmarca en su Plan de Desarrollo Tur\u00edstico, cuya misi\u00f3n es la de configurar un motor de desarrollo tur\u00edstico y econ\u00f3mico en las localidades que la componen, (adem\u00e1s de Casariche, Jauja-Lucena, Badolatosa-Corcoya, Alameda, y Benamej\u00ed), basado en la diversificaci\u00f3n productiva de dichas localidades para generar empleo y rentas, y dinamizar socialmente a la poblaci\u00f3n.<\/p>\n<p>La Colecci\u00f3n Museogr\u00e1fica del Mosaico Romano de Casariche \u201cJos\u00e9 Herrera Rodas\u201d, sita en la C\/Avenida de la Libertad, 74-76, es un ejemplo vivo de nuestro pasado romano, que viene a completar nuestro patrimonio art\u00edstico-cultural.<\/p>\n","protected":false},"excerpt":{"rendered":"<p>La presidenta de la Junta de Andaluc\u00eda, Susana D\u00edaz, ha inaugurado en la ma\u00f1ana de hoy martes la Colecci\u00f3n Museogr\u00e1fica del Mosaico Romano \u201cJos\u00e9 Herrera<\/p>\n","protected":false},"author":2,"featured_media":6068,"comment_status":"closed","ping_status":"open","sticky":false,"template":"","format":"standard","meta":{"footnotes":""},"categories":[4,1,18],"tags":[846,849,848,847,632],"class_list":["post-6067","post","type-post","status-publish","format-standard","has-post-thumbnail","hentry","category-desarrollo","category-sin-categoria","category-turismo","tag-coleccion","tag-inauguracion","tag-mosaico","tag-museografica","tag-romano"],"_links":{"self":[{"href":"https:\/\/www.casariche.es\/index.php?rest_route=\/wp\/v2\/posts\/6067","targetHints":{"allow":["GET"]}}],"collection":[{"href":"https:\/\/www.casariche.es\/index.php?rest_route=\/wp\/v2\/posts"}],"about":[{"href":"https:\/\/www.casariche.es\/index.php?rest_route=\/wp\/v2\/types\/post"}],"author":[{"embeddable":true,"href":"https:\/\/www.casariche.es\/index.php?rest_route=\/wp\/v2\/users\/2"}],"replies":[{"embeddable":true,"href":"https:\/\/www.casariche.es\/index.php?rest_route=%2Fwp%2Fv2%2Fcomments&post=6067"}],"version-history":[{"count":3,"href":"https:\/\/www.casariche.es\/index.php?rest_route=\/wp\/v2\/posts\/6067\/revisions"}],"predecessor-version":[{"id":6072,"href":"https:\/\/www.casariche.es\/index.php?rest_route=\/wp\/v2\/posts\/6067\/revisions\/6072"}],"wp:featuredmedia":[{"embeddable":true,"href":"https:\/\/www.casariche.es\/index.php?rest_route=\/wp\/v2\/media\/6068"}],"wp:attachment":[{"href":"https:\/\/www.casariche.es\/index.php?rest_route=%2Fwp%2Fv2%2Fmedia&parent=6067"}],"wp:term":[{"taxonomy":"category","embeddable":true,"href":"https:\/\/www.casariche.es\/index.php?rest_route=%2Fwp%2Fv2%2Fcategories&post=6067"},{"taxonomy":"post_tag","embeddable":true,"href":"https:\/\/www.casariche.es\/index.php?rest_route=%2Fwp%2Fv2%2Ftags&post=6067"}],"curies":[{"name":"wp","href":"https:\/\/api.w.org\/{rel}","templated":true}]}}