{"id":60143,"date":"2024-01-03T12:30:28","date_gmt":"2024-01-03T11:30:28","guid":{"rendered":"https:\/\/www.casariche.es\/?p=60143"},"modified":"2024-01-03T10:49:45","modified_gmt":"2024-01-03T09:49:45","slug":"horario-de-apertura-de-la-biblioteca-municipal-durante-la-primera-semana-de-enero","status":"publish","type":"post","link":"https:\/\/www.casariche.es\/?p=60143","title":{"rendered":"Horario de apertura de la Biblioteca Municipal durante la primera semana de enero"},"content":{"rendered":"<p style=\"text-align: justify;\">El horario de apertura de la Biblioteca P\u00fablica &#8216;Marcos Ana&#8217; para esta primera semana del a\u00f1o ser\u00e1 el siguiente:<\/p>\n<p style=\"text-align: justify;\">Hoy <strong>mi\u00e9rcoles 3 permanecer\u00e1 abierta en su horario habitual, de 11:00 h a 13:00<\/strong> h (ma\u00f1ana)\u00a0<strong>y de 16:00 a 19:00 h<\/strong>\u00a0 (tarde). Ma\u00f1ana <strong>jueves 4 y el viernes 5 abrir\u00e1 s\u00f3lo en horario de ma\u00f1ana, de 11:00 h a 13:00<\/strong> <strong>h<\/strong>.<\/p>\n<p style=\"text-align: justify;\">Desde nuestra biblioteca, <strong>aprovechamos para desearos felices lecturas tambi\u00e9n en este 2024<\/strong>.<\/p>\n<figure id=\"attachment_60144\" aria-describedby=\"caption-attachment-60144\" style=\"width: 1080px\" class=\"wp-caption alignnone\"><img loading=\"lazy\" decoding=\"async\" class=\"size-full wp-image-60144\" src=\"http:\/\/www.casariche.es\/wp-content\/uploads\/2024\/01\/HORARIO-BIBLIOENERO.jpg\" alt=\"\" width=\"1080\" height=\"1080\" srcset=\"https:\/\/www.casariche.es\/wp-content\/uploads\/2024\/01\/HORARIO-BIBLIOENERO.jpg 1080w, https:\/\/www.casariche.es\/wp-content\/uploads\/2024\/01\/HORARIO-BIBLIOENERO-300x300.jpg 300w, https:\/\/www.casariche.es\/wp-content\/uploads\/2024\/01\/HORARIO-BIBLIOENERO-1024x1024.jpg 1024w, https:\/\/www.casariche.es\/wp-content\/uploads\/2024\/01\/HORARIO-BIBLIOENERO-150x150.jpg 150w, https:\/\/www.casariche.es\/wp-content\/uploads\/2024\/01\/HORARIO-BIBLIOENERO-768x768.jpg 768w\" sizes=\"auto, (max-width: 1080px) 100vw, 1080px\" \/><figcaption id=\"caption-attachment-60144\" class=\"wp-caption-text\">Feliz Navidad y Pr\u00f3spero 2023 &#8211; 2<\/figcaption><\/figure>\n","protected":false},"excerpt":{"rendered":"<p>El horario de apertura de la Biblioteca P\u00fablica &#8216;Marcos Ana&#8217; para esta primera semana del a\u00f1o ser\u00e1 el siguiente: Hoy mi\u00e9rcoles 3 permanecer\u00e1 abierta en<\/p>\n","protected":false},"author":2,"featured_media":60144,"comment_status":"closed","ping_status":"closed","sticky":false,"template":"","format":"standard","meta":{"footnotes":""},"categories":[7,1],"tags":[49,720],"class_list":["post-60143","post","type-post","status-publish","format-standard","has-post-thumbnail","hentry","category-cultura","category-sin-categoria","tag-biblioteca","tag-horario"],"_links":{"self":[{"href":"https:\/\/www.casariche.es\/index.php?rest_route=\/wp\/v2\/posts\/60143","targetHints":{"allow":["GET"]}}],"collection":[{"href":"https:\/\/www.casariche.es\/index.php?rest_route=\/wp\/v2\/posts"}],"about":[{"href":"https:\/\/www.casariche.es\/index.php?rest_route=\/wp\/v2\/types\/post"}],"author":[{"embeddable":true,"href":"https:\/\/www.casariche.es\/index.php?rest_route=\/wp\/v2\/users\/2"}],"replies":[{"embeddable":true,"href":"https:\/\/www.casariche.es\/index.php?rest_route=%2Fwp%2Fv2%2Fcomments&post=60143"}],"version-history":[{"count":1,"href":"https:\/\/www.casariche.es\/index.php?rest_route=\/wp\/v2\/posts\/60143\/revisions"}],"predecessor-version":[{"id":60145,"href":"https:\/\/www.casariche.es\/index.php?rest_route=\/wp\/v2\/posts\/60143\/revisions\/60145"}],"wp:featuredmedia":[{"embeddable":true,"href":"https:\/\/www.casariche.es\/index.php?rest_route=\/wp\/v2\/media\/60144"}],"wp:attachment":[{"href":"https:\/\/www.casariche.es\/index.php?rest_route=%2Fwp%2Fv2%2Fmedia&parent=60143"}],"wp:term":[{"taxonomy":"category","embeddable":true,"href":"https:\/\/www.casariche.es\/index.php?rest_route=%2Fwp%2Fv2%2Fcategories&post=60143"},{"taxonomy":"post_tag","embeddable":true,"href":"https:\/\/www.casariche.es\/index.php?rest_route=%2Fwp%2Fv2%2Ftags&post=60143"}],"curies":[{"name":"wp","href":"https:\/\/api.w.org\/{rel}","templated":true}]}}