{"id":58696,"date":"2023-11-21T09:11:24","date_gmt":"2023-11-21T08:11:24","guid":{"rendered":"https:\/\/www.casariche.es\/?p=58696"},"modified":"2023-11-21T09:16:30","modified_gmt":"2023-11-21T08:16:30","slug":"nuestro-alcalde-mantuvo-ayer-una-reunion-con-el-delegado-de-vivienda-de-la-junta-de-andalucia-para-hablar-sobre-la-situacion-de-las-viviendas-de-proteccion-oficial-vpo-en-nuestra-localidad","status":"publish","type":"post","link":"https:\/\/www.casariche.es\/?p=58696","title":{"rendered":"Nuestro Alcalde mantuvo ayer una reuni\u00f3n con el Delegado de Vivienda de la Junta de Andaluc\u00eda donde trat\u00f3 la situaci\u00f3n de las Viviendas de Protecci\u00f3n Oficial (VPO) en nuestra localidad"},"content":{"rendered":"<p style=\"text-align: justify;\">Nuestro Alcalde Jos\u00e9 Ram\u00f3n Parrado en compa\u00f1\u00eda del T\u00e9cnico Municipal Jos\u00e9 Manuel Sojo Torres visitaron durante la ma\u00f1ana de ayer al <strong>Delegado Territorial de Fomento, Articulaci\u00f3n de Territorio y Vivienda de la Junta de Andaluc\u00eda Francisco de Paula.\u00a0<\/strong><\/p>\n<p style=\"text-align: justify;\">En esta reuni\u00f3n se le traslad\u00f3 al Delegado la situaci\u00f3n en la que actualmente se encuentra nuestra localidad en el tema de la vivienda y se puso sobre la mesa v\u00edas y alternativas para <strong>buscar la forma de encontrar subvenciones para poder gestionar nuevas Viviendas de Protecci\u00f3n Oficial (VPO) en Casariche de cara a los pr\u00f3ximos a\u00f1os.<\/strong><\/p>\n<p>En este sentido, nuestro alcalde destaca que no parar\u00e1 hasta conseguir que este tipo de viviendas vuelvan a ser una realidad en nuestro pueblo.<\/p>\n<p><img loading=\"lazy\" decoding=\"async\" class=\"aligncenter size-full wp-image-58697\" src=\"http:\/\/www.casariche.es\/wp-content\/uploads\/2023\/11\/WhatsApp-Image-2023-11-20-at-18.24.35-2.jpeg\" alt=\"\" width=\"2016\" height=\"1512\" srcset=\"https:\/\/www.casariche.es\/wp-content\/uploads\/2023\/11\/WhatsApp-Image-2023-11-20-at-18.24.35-2.jpeg 2016w, https:\/\/www.casariche.es\/wp-content\/uploads\/2023\/11\/WhatsApp-Image-2023-11-20-at-18.24.35-2-300x225.jpeg 300w, https:\/\/www.casariche.es\/wp-content\/uploads\/2023\/11\/WhatsApp-Image-2023-11-20-at-18.24.35-2-1024x768.jpeg 1024w, https:\/\/www.casariche.es\/wp-content\/uploads\/2023\/11\/WhatsApp-Image-2023-11-20-at-18.24.35-2-768x576.jpeg 768w, https:\/\/www.casariche.es\/wp-content\/uploads\/2023\/11\/WhatsApp-Image-2023-11-20-at-18.24.35-2-1536x1152.jpeg 1536w, https:\/\/www.casariche.es\/wp-content\/uploads\/2023\/11\/WhatsApp-Image-2023-11-20-at-18.24.35-2-100x75.jpeg 100w\" sizes=\"auto, (max-width: 2016px) 100vw, 2016px\" \/><\/p>\n","protected":false},"excerpt":{"rendered":"<p>Nuestro Alcalde Jos\u00e9 Ram\u00f3n Parrado en compa\u00f1\u00eda del T\u00e9cnico Municipal Jos\u00e9 Manuel Sojo Torres visitaron durante la ma\u00f1ana de ayer al Delegado Territorial de Fomento,<\/p>\n","protected":false},"author":2,"featured_media":58697,"comment_status":"closed","ping_status":"closed","sticky":false,"template":"","format":"standard","meta":{"footnotes":""},"categories":[1],"tags":[],"class_list":["post-58696","post","type-post","status-publish","format-standard","has-post-thumbnail","hentry","category-sin-categoria"],"_links":{"self":[{"href":"https:\/\/www.casariche.es\/index.php?rest_route=\/wp\/v2\/posts\/58696","targetHints":{"allow":["GET"]}}],"collection":[{"href":"https:\/\/www.casariche.es\/index.php?rest_route=\/wp\/v2\/posts"}],"about":[{"href":"https:\/\/www.casariche.es\/index.php?rest_route=\/wp\/v2\/types\/post"}],"author":[{"embeddable":true,"href":"https:\/\/www.casariche.es\/index.php?rest_route=\/wp\/v2\/users\/2"}],"replies":[{"embeddable":true,"href":"https:\/\/www.casariche.es\/index.php?rest_route=%2Fwp%2Fv2%2Fcomments&post=58696"}],"version-history":[{"count":4,"href":"https:\/\/www.casariche.es\/index.php?rest_route=\/wp\/v2\/posts\/58696\/revisions"}],"predecessor-version":[{"id":58701,"href":"https:\/\/www.casariche.es\/index.php?rest_route=\/wp\/v2\/posts\/58696\/revisions\/58701"}],"wp:featuredmedia":[{"embeddable":true,"href":"https:\/\/www.casariche.es\/index.php?rest_route=\/wp\/v2\/media\/58697"}],"wp:attachment":[{"href":"https:\/\/www.casariche.es\/index.php?rest_route=%2Fwp%2Fv2%2Fmedia&parent=58696"}],"wp:term":[{"taxonomy":"category","embeddable":true,"href":"https:\/\/www.casariche.es\/index.php?rest_route=%2Fwp%2Fv2%2Fcategories&post=58696"},{"taxonomy":"post_tag","embeddable":true,"href":"https:\/\/www.casariche.es\/index.php?rest_route=%2Fwp%2Fv2%2Ftags&post=58696"}],"curies":[{"name":"wp","href":"https:\/\/api.w.org\/{rel}","templated":true}]}}