{"id":58651,"date":"2023-11-20T13:02:55","date_gmt":"2023-11-20T12:02:55","guid":{"rendered":"https:\/\/www.casariche.es\/?p=58651"},"modified":"2023-11-20T13:02:55","modified_gmt":"2023-11-20T12:02:55","slug":"casariche-conmemora-el-dia-mundial-de-la-infancia-2023","status":"publish","type":"post","link":"https:\/\/www.casariche.es\/?p=58651","title":{"rendered":"Casariche conmemora el D\u00eda Mundial de la Infancia 2023"},"content":{"rendered":"<p style=\"text-align: justify;\">Como cada <strong>20 de noviembre<\/strong>, hoy\u00a0 se celebra el <strong>D\u00eda Mundial de la Infancia<\/strong> para recordar que, sin importar en qu\u00e9 lugar del planeta hayan podido nacer, <strong>todos los ni\u00f1os y ni\u00f1as tienen derecho a la salud, la educaci\u00f3n y la protecci\u00f3n<\/strong>.<\/p>\n<p style=\"text-align: justify;\">Desde el Ayuntamiento de Casariche,\u00a0<strong>&#8216;nos unimos a dicha conmemoraci\u00f3n y recordamos la importancia de que todas las administraciones y todos los pa\u00edses sumen sus fuerzas para velar por los derechos de todas y todos los menores de edad del mundo&#8217;<\/strong>.<\/p>\n<p style=\"text-align: justify;\"><img loading=\"lazy\" decoding=\"async\" class=\"aligncenter size-full wp-image-58652\" src=\"http:\/\/www.casariche.es\/wp-content\/uploads\/2023\/11\/DIA-DERECHOS-INFANCIA2023.jpg\" alt=\"\" width=\"2000\" height=\"1414\" srcset=\"https:\/\/www.casariche.es\/wp-content\/uploads\/2023\/11\/DIA-DERECHOS-INFANCIA2023.jpg 2000w, https:\/\/www.casariche.es\/wp-content\/uploads\/2023\/11\/DIA-DERECHOS-INFANCIA2023-300x212.jpg 300w, https:\/\/www.casariche.es\/wp-content\/uploads\/2023\/11\/DIA-DERECHOS-INFANCIA2023-1024x724.jpg 1024w, https:\/\/www.casariche.es\/wp-content\/uploads\/2023\/11\/DIA-DERECHOS-INFANCIA2023-768x543.jpg 768w, https:\/\/www.casariche.es\/wp-content\/uploads\/2023\/11\/DIA-DERECHOS-INFANCIA2023-1536x1086.jpg 1536w\" sizes=\"auto, (max-width: 2000px) 100vw, 2000px\" \/><\/p>\n","protected":false},"excerpt":{"rendered":"<p>Como cada 20 de noviembre, hoy\u00a0 se celebra el D\u00eda Mundial de la Infancia para recordar que, sin importar en qu\u00e9 lugar del planeta hayan<\/p>\n","protected":false},"author":2,"featured_media":58652,"comment_status":"closed","ping_status":"closed","sticky":false,"template":"","format":"standard","meta":{"footnotes":""},"categories":[1],"tags":[2273,269,2383,573],"class_list":["post-58651","post","type-post","status-publish","format-standard","has-post-thumbnail","hentry","category-sin-categoria","tag-derechos","tag-dia","tag-infancia","tag-internacional"],"_links":{"self":[{"href":"https:\/\/www.casariche.es\/index.php?rest_route=\/wp\/v2\/posts\/58651","targetHints":{"allow":["GET"]}}],"collection":[{"href":"https:\/\/www.casariche.es\/index.php?rest_route=\/wp\/v2\/posts"}],"about":[{"href":"https:\/\/www.casariche.es\/index.php?rest_route=\/wp\/v2\/types\/post"}],"author":[{"embeddable":true,"href":"https:\/\/www.casariche.es\/index.php?rest_route=\/wp\/v2\/users\/2"}],"replies":[{"embeddable":true,"href":"https:\/\/www.casariche.es\/index.php?rest_route=%2Fwp%2Fv2%2Fcomments&post=58651"}],"version-history":[{"count":1,"href":"https:\/\/www.casariche.es\/index.php?rest_route=\/wp\/v2\/posts\/58651\/revisions"}],"predecessor-version":[{"id":58653,"href":"https:\/\/www.casariche.es\/index.php?rest_route=\/wp\/v2\/posts\/58651\/revisions\/58653"}],"wp:featuredmedia":[{"embeddable":true,"href":"https:\/\/www.casariche.es\/index.php?rest_route=\/wp\/v2\/media\/58652"}],"wp:attachment":[{"href":"https:\/\/www.casariche.es\/index.php?rest_route=%2Fwp%2Fv2%2Fmedia&parent=58651"}],"wp:term":[{"taxonomy":"category","embeddable":true,"href":"https:\/\/www.casariche.es\/index.php?rest_route=%2Fwp%2Fv2%2Fcategories&post=58651"},{"taxonomy":"post_tag","embeddable":true,"href":"https:\/\/www.casariche.es\/index.php?rest_route=%2Fwp%2Fv2%2Ftags&post=58651"}],"curies":[{"name":"wp","href":"https:\/\/api.w.org\/{rel}","templated":true}]}}