{"id":58467,"date":"2023-11-13T18:30:41","date_gmt":"2023-11-13T17:30:41","guid":{"rendered":"https:\/\/www.casariche.es\/?p=58467"},"modified":"2023-11-13T18:32:05","modified_gmt":"2023-11-13T17:32:05","slug":"el-club-de-taekwondo-casariche-ha-participado-en-mollina-en-un-entrenamiento-preparatorio-para-el-campeonato-de-espana","status":"publish","type":"post","link":"https:\/\/www.casariche.es\/?p=58467","title":{"rendered":"El Club de Taekwondo Casariche ha participado en Mollina en un entrenamiento preparatorio para el Campeonato de Espa\u00f1a"},"content":{"rendered":"<p style=\"text-align: justify;\"><strong>Nuestros taekwondocas participaron el s\u00e1bado 11 de noviembre en Mollina en un entrenamiento preparatorio para el Campeonato de Espa\u00f1a por clubes<\/strong>, organizado por la Federaci\u00f3n Andaluza de Taekwondo, donde los Clubes de Taekwondo de Casariche, La Roda y Lora de Estepa han tenido una presencia importante con un total de <strong>17 taekwondocas<\/strong>.<\/p>\n<p style=\"text-align: justify;\">En categor\u00eda <strong>precadete<\/strong>, estuvieron Pilar Garc\u00eda y Leo Pozo; en <strong>cadete<\/strong>, \u00c1ngela Caballero, Elena Espa\u00f1a, Inma Pozo, Jes\u00fas Moriana, Adri\u00e1n \u00c1lvarez, Rub\u00e9n Santaella, Iv\u00e1n Garc\u00eda y David Gonz\u00e1lez; en <strong>junior<\/strong>, asistieron Noelia Guerrero, Alejandro Pozo, Samuel Espinosa, Duv\u00e1n Santaella, Chema Pozo y J. Antonio Aguilera, y en categor\u00eda <strong>m\u00e1ster<\/strong>, Antonio Gir\u00e1ldez.<\/p>\n<p style=\"text-align: justify;\">Seg\u00fan ha se\u00f1alado Antonio Gir\u00e1ldez, presidente y t\u00e9cnico del Club de Taekwondo Casariche, <strong>gran parte de este equipo de competici\u00f3n participar\u00e1 en el Campeonato de Espa\u00f1a por clubes que tendr\u00e1 lugar en Alicante del 6 al 10 de diciembre<\/strong>.<\/p>\n<p style=\"text-align: justify;\">La pr\u00f3xima cita para nuestros deportistas ser\u00e1 para el <strong>equipo junior, que va a competir en Lucena en el Campeonato de Andaluc\u00eda Junior 2024<\/strong>, que se celebra el pr\u00f3ximo s\u00e1bado <strong>18 de noviembre<\/strong>.<\/p>\n<p><img loading=\"lazy\" decoding=\"async\" class=\"aligncenter size-full wp-image-58486\" src=\"http:\/\/www.casariche.es\/wp-content\/uploads\/2023\/11\/WhatsApp-Image-2023-11-11-at-20.46.32.jpeg\" alt=\"\" width=\"1600\" height=\"1200\" srcset=\"https:\/\/www.casariche.es\/wp-content\/uploads\/2023\/11\/WhatsApp-Image-2023-11-11-at-20.46.32.jpeg 1600w, https:\/\/www.casariche.es\/wp-content\/uploads\/2023\/11\/WhatsApp-Image-2023-11-11-at-20.46.32-300x225.jpeg 300w, https:\/\/www.casariche.es\/wp-content\/uploads\/2023\/11\/WhatsApp-Image-2023-11-11-at-20.46.32-1024x768.jpeg 1024w, https:\/\/www.casariche.es\/wp-content\/uploads\/2023\/11\/WhatsApp-Image-2023-11-11-at-20.46.32-768x576.jpeg 768w, https:\/\/www.casariche.es\/wp-content\/uploads\/2023\/11\/WhatsApp-Image-2023-11-11-at-20.46.32-1536x1152.jpeg 1536w, https:\/\/www.casariche.es\/wp-content\/uploads\/2023\/11\/WhatsApp-Image-2023-11-11-at-20.46.32-100x75.jpeg 100w\" sizes=\"auto, (max-width: 1600px) 100vw, 1600px\" \/><\/p>\n<p><img loading=\"lazy\" decoding=\"async\" class=\"aligncenter size-full wp-image-58487\" src=\"http:\/\/www.casariche.es\/wp-content\/uploads\/2023\/11\/WhatsApp-Image-2023-11-11-at-20.46.49.jpeg\" alt=\"\" width=\"2040\" height=\"1536\" srcset=\"https:\/\/www.casariche.es\/wp-content\/uploads\/2023\/11\/WhatsApp-Image-2023-11-11-at-20.46.49.jpeg 2040w, https:\/\/www.casariche.es\/wp-content\/uploads\/2023\/11\/WhatsApp-Image-2023-11-11-at-20.46.49-300x226.jpeg 300w, https:\/\/www.casariche.es\/wp-content\/uploads\/2023\/11\/WhatsApp-Image-2023-11-11-at-20.46.49-1024x771.jpeg 1024w, https:\/\/www.casariche.es\/wp-content\/uploads\/2023\/11\/WhatsApp-Image-2023-11-11-at-20.46.49-768x578.jpeg 768w, https:\/\/www.casariche.es\/wp-content\/uploads\/2023\/11\/WhatsApp-Image-2023-11-11-at-20.46.49-1536x1157.jpeg 1536w, https:\/\/www.casariche.es\/wp-content\/uploads\/2023\/11\/WhatsApp-Image-2023-11-11-at-20.46.49-100x75.jpeg 100w\" sizes=\"auto, (max-width: 2040px) 100vw, 2040px\" \/><\/p>\n<p><img loading=\"lazy\" decoding=\"async\" class=\"aligncenter size-full wp-image-58488\" src=\"http:\/\/www.casariche.es\/wp-content\/uploads\/2023\/11\/proximo-campeonato.jpeg\" alt=\"\" width=\"698\" height=\"975\" srcset=\"https:\/\/www.casariche.es\/wp-content\/uploads\/2023\/11\/proximo-campeonato.jpeg 698w, https:\/\/www.casariche.es\/wp-content\/uploads\/2023\/11\/proximo-campeonato-215x300.jpeg 215w\" sizes=\"auto, (max-width: 698px) 100vw, 698px\" \/><\/p>\n","protected":false},"excerpt":{"rendered":"<p>Nuestros taekwondocas participaron el s\u00e1bado 11 de noviembre en Mollina en un entrenamiento preparatorio para el Campeonato de Espa\u00f1a por clubes, organizado por la Federaci\u00f3n<\/p>\n","protected":false},"author":2,"featured_media":58486,"comment_status":"closed","ping_status":"closed","sticky":false,"template":"","format":"standard","meta":{"footnotes":""},"categories":[1],"tags":[211,2846,461,155],"class_list":["post-58467","post","type-post","status-publish","format-standard","has-post-thumbnail","hentry","category-sin-categoria","tag-campeonato","tag-entrenamiento","tag-espana","tag-taekwondo"],"_links":{"self":[{"href":"https:\/\/www.casariche.es\/index.php?rest_route=\/wp\/v2\/posts\/58467","targetHints":{"allow":["GET"]}}],"collection":[{"href":"https:\/\/www.casariche.es\/index.php?rest_route=\/wp\/v2\/posts"}],"about":[{"href":"https:\/\/www.casariche.es\/index.php?rest_route=\/wp\/v2\/types\/post"}],"author":[{"embeddable":true,"href":"https:\/\/www.casariche.es\/index.php?rest_route=\/wp\/v2\/users\/2"}],"replies":[{"embeddable":true,"href":"https:\/\/www.casariche.es\/index.php?rest_route=%2Fwp%2Fv2%2Fcomments&post=58467"}],"version-history":[{"count":2,"href":"https:\/\/www.casariche.es\/index.php?rest_route=\/wp\/v2\/posts\/58467\/revisions"}],"predecessor-version":[{"id":58489,"href":"https:\/\/www.casariche.es\/index.php?rest_route=\/wp\/v2\/posts\/58467\/revisions\/58489"}],"wp:featuredmedia":[{"embeddable":true,"href":"https:\/\/www.casariche.es\/index.php?rest_route=\/wp\/v2\/media\/58486"}],"wp:attachment":[{"href":"https:\/\/www.casariche.es\/index.php?rest_route=%2Fwp%2Fv2%2Fmedia&parent=58467"}],"wp:term":[{"taxonomy":"category","embeddable":true,"href":"https:\/\/www.casariche.es\/index.php?rest_route=%2Fwp%2Fv2%2Fcategories&post=58467"},{"taxonomy":"post_tag","embeddable":true,"href":"https:\/\/www.casariche.es\/index.php?rest_route=%2Fwp%2Fv2%2Ftags&post=58467"}],"curies":[{"name":"wp","href":"https:\/\/api.w.org\/{rel}","templated":true}]}}