{"id":57307,"date":"2023-10-04T09:00:29","date_gmt":"2023-10-04T07:00:29","guid":{"rendered":"https:\/\/www.casariche.es\/?p=57307"},"modified":"2023-10-03T18:53:00","modified_gmt":"2023-10-03T16:53:00","slug":"amalgama-teatro-representara-en-casariche-su-obra-los-santos-el-14-de-octubre","status":"publish","type":"post","link":"https:\/\/www.casariche.es\/?p=57307","title":{"rendered":"Amalgama Teatro representar\u00e1 en Casariche su obra &#8216;Los Santos&#8217; el 14 de octubre"},"content":{"rendered":"<p style=\"text-align: justify;\">Dando continuidad a la programaci\u00f3n del <strong>Oto\u00f1o Invierno Cultural Casariche 23\/24<\/strong>, hoy anunciamos el pr\u00f3ximo teatro que llega a nuestra localidad. Se trata de la obra<strong> &#8216;Los Santos&#8217;,<\/strong> de Pedro Salinas, que nos habla <strong>sobre la Guerra Civil Espa\u00f1ola y ser\u00e1\u00a0puesta en escena por la compa\u00f1\u00eda Amalgama Teatro.<\/strong><\/p>\n<p style=\"text-align: justify;\">Una obra, que seg\u00fan afirma Amalgama Teatro, va m\u00e1s all\u00e1 de la narraci\u00f3n de un simple hecho hist\u00f3rico con el texto de Salinas. Se centra, se a\u00f1ade, en la convivencia, respeto y uni\u00f3n del ser humano.<\/p>\n<p style=\"text-align: justify;\">La cita ser\u00e1 el <strong>s\u00e1bado 14 de octubre, a las 20:00 h, en el Teatro Municipal<\/strong>.<\/p>\n<p style=\"text-align: justify;\">\u00bfTe la vas a perder?<\/p>\n<p><iframe loading=\"lazy\" title=\"TRAILER CASARICHE\" width=\"750\" height=\"422\" src=\"https:\/\/www.youtube.com\/embed\/fy9FuYGdzSI?feature=oembed\" frameborder=\"0\" allow=\"accelerometer; autoplay; clipboard-write; encrypted-media; gyroscope; picture-in-picture; web-share\" allowfullscreen><\/iframe><\/p>\n<p><img loading=\"lazy\" decoding=\"async\" class=\"aligncenter size-full wp-image-57316\" src=\"http:\/\/www.casariche.es\/wp-content\/uploads\/2023\/10\/Cartel-03-Los-Santos.jpg\" alt=\"\" width=\"842\" height=\"1191\" srcset=\"https:\/\/www.casariche.es\/wp-content\/uploads\/2023\/10\/Cartel-03-Los-Santos.jpg 842w, https:\/\/www.casariche.es\/wp-content\/uploads\/2023\/10\/Cartel-03-Los-Santos-212x300.jpg 212w, https:\/\/www.casariche.es\/wp-content\/uploads\/2023\/10\/Cartel-03-Los-Santos-724x1024.jpg 724w, https:\/\/www.casariche.es\/wp-content\/uploads\/2023\/10\/Cartel-03-Los-Santos-768x1086.jpg 768w\" sizes=\"auto, (max-width: 842px) 100vw, 842px\" \/><\/p>\n","protected":false},"excerpt":{"rendered":"<p>Dando continuidad a la programaci\u00f3n del Oto\u00f1o Invierno Cultural Casariche 23\/24, hoy anunciamos el pr\u00f3ximo teatro que llega a nuestra localidad. Se trata de la<\/p>\n","protected":false},"author":2,"featured_media":57316,"comment_status":"closed","ping_status":"closed","sticky":false,"template":"","format":"standard","meta":{"footnotes":""},"categories":[7,1],"tags":[4699,4700,218],"class_list":["post-57307","post","type-post","status-publish","format-standard","has-post-thumbnail","hentry","category-cultura","category-sin-categoria","tag-los-santos","tag-otono-invierno-cultural","tag-teatro"],"_links":{"self":[{"href":"https:\/\/www.casariche.es\/index.php?rest_route=\/wp\/v2\/posts\/57307","targetHints":{"allow":["GET"]}}],"collection":[{"href":"https:\/\/www.casariche.es\/index.php?rest_route=\/wp\/v2\/posts"}],"about":[{"href":"https:\/\/www.casariche.es\/index.php?rest_route=\/wp\/v2\/types\/post"}],"author":[{"embeddable":true,"href":"https:\/\/www.casariche.es\/index.php?rest_route=\/wp\/v2\/users\/2"}],"replies":[{"embeddable":true,"href":"https:\/\/www.casariche.es\/index.php?rest_route=%2Fwp%2Fv2%2Fcomments&post=57307"}],"version-history":[{"count":4,"href":"https:\/\/www.casariche.es\/index.php?rest_route=\/wp\/v2\/posts\/57307\/revisions"}],"predecessor-version":[{"id":57326,"href":"https:\/\/www.casariche.es\/index.php?rest_route=\/wp\/v2\/posts\/57307\/revisions\/57326"}],"wp:featuredmedia":[{"embeddable":true,"href":"https:\/\/www.casariche.es\/index.php?rest_route=\/wp\/v2\/media\/57316"}],"wp:attachment":[{"href":"https:\/\/www.casariche.es\/index.php?rest_route=%2Fwp%2Fv2%2Fmedia&parent=57307"}],"wp:term":[{"taxonomy":"category","embeddable":true,"href":"https:\/\/www.casariche.es\/index.php?rest_route=%2Fwp%2Fv2%2Fcategories&post=57307"},{"taxonomy":"post_tag","embeddable":true,"href":"https:\/\/www.casariche.es\/index.php?rest_route=%2Fwp%2Fv2%2Ftags&post=57307"}],"curies":[{"name":"wp","href":"https:\/\/api.w.org\/{rel}","templated":true}]}}