{"id":56571,"date":"2023-09-01T10:00:15","date_gmt":"2023-09-01T08:00:15","guid":{"rendered":"https:\/\/www.casariche.es\/?p=56571"},"modified":"2023-09-01T08:16:01","modified_gmt":"2023-09-01T06:16:01","slug":"abierto-el-plazo-de-inscripcion-para-el-modulo-formativo-sobre-tecnicas-administrativas-basicas-de-oficina-conducente-a-la-obtencion-del-certificado-de-profesionalidad","status":"publish","type":"post","link":"https:\/\/www.casariche.es\/?p=56571","title":{"rendered":"Abierto el plazo de inscripci\u00f3n para el M\u00f3dulo Formativo sobre T\u00e9cnicas Administrativas B\u00e1sicas de Oficina conducente a la obtenci\u00f3n del Certificado de Profesionalidad"},"content":{"rendered":"<p style=\"text-align: justify;\">A partir de hoy y hasta el pr\u00f3ximo 15 de septiembre est\u00e1 abierto el plazo de inscripciones para la realizaci\u00f3n del <strong>M\u00f3dulo <em>T\u00e9cnicas Administrativas B\u00e1sicas de Oficina<\/em><\/strong>. Una oferta formativa vinculada al <strong>Cat\u00e1logo Nacional de Cualificaciones Profesionales conducentes a la obtenci\u00f3n del Certificado de Profesionalidad<\/strong>.<\/p>\n<p style=\"text-align: justify;\">Este nuevo curso <strong>consta de un total de 150 horas, est\u00e1 destinado a personas desempleadas y no requiere estudios m\u00ednimos para poder acceder a \u00e9l.<\/strong> Por otro lado, este modulo <strong>ser\u00e1 impartido en el instituto I.E.S. Aguilar y Cano de la localidad vecina de Estepa, del 26 de septiembre al 28 de noviembre de 2023, de martes a viernes de 16:00h a 20:30h de la tarde.\u00a0<\/strong><\/p>\n<p style=\"text-align: justify;\">Aquellas personas que est\u00e9n interesadas en esta nueva acci\u00f3n formativa pueden solicitar m\u00e1s informaci\u00f3n enviando un correo a: <strong>jfergar262@g.educaand.es<\/strong> o bien llamando al siguiente tel\u00e9fono de contacto: <strong>618027998<\/strong><\/p>\n<p style=\"text-align: justify;\"><img loading=\"lazy\" decoding=\"async\" class=\"aligncenter size-full wp-image-56572\" src=\"http:\/\/www.casariche.es\/wp-content\/uploads\/2023\/08\/S30C-0i230828094801024_1-1-rotated.jpg\" alt=\"\" width=\"723\" height=\"1024\" srcset=\"https:\/\/www.casariche.es\/wp-content\/uploads\/2023\/08\/S30C-0i230828094801024_1-1-rotated.jpg 723w, https:\/\/www.casariche.es\/wp-content\/uploads\/2023\/08\/S30C-0i230828094801024_1-1-212x300.jpg 212w\" sizes=\"auto, (max-width: 723px) 100vw, 723px\" \/><\/p>\n","protected":false},"excerpt":{"rendered":"<p>A partir de hoy y hasta el pr\u00f3ximo 15 de septiembre est\u00e1 abierto el plazo de inscripciones para la realizaci\u00f3n del M\u00f3dulo T\u00e9cnicas Administrativas B\u00e1sicas<\/p>\n","protected":false},"author":2,"featured_media":56572,"comment_status":"closed","ping_status":"closed","sticky":false,"template":"","format":"standard","meta":{"footnotes":""},"categories":[1],"tags":[],"class_list":["post-56571","post","type-post","status-publish","format-standard","has-post-thumbnail","hentry","category-sin-categoria"],"_links":{"self":[{"href":"https:\/\/www.casariche.es\/index.php?rest_route=\/wp\/v2\/posts\/56571","targetHints":{"allow":["GET"]}}],"collection":[{"href":"https:\/\/www.casariche.es\/index.php?rest_route=\/wp\/v2\/posts"}],"about":[{"href":"https:\/\/www.casariche.es\/index.php?rest_route=\/wp\/v2\/types\/post"}],"author":[{"embeddable":true,"href":"https:\/\/www.casariche.es\/index.php?rest_route=\/wp\/v2\/users\/2"}],"replies":[{"embeddable":true,"href":"https:\/\/www.casariche.es\/index.php?rest_route=%2Fwp%2Fv2%2Fcomments&post=56571"}],"version-history":[{"count":1,"href":"https:\/\/www.casariche.es\/index.php?rest_route=\/wp\/v2\/posts\/56571\/revisions"}],"predecessor-version":[{"id":56573,"href":"https:\/\/www.casariche.es\/index.php?rest_route=\/wp\/v2\/posts\/56571\/revisions\/56573"}],"wp:featuredmedia":[{"embeddable":true,"href":"https:\/\/www.casariche.es\/index.php?rest_route=\/wp\/v2\/media\/56572"}],"wp:attachment":[{"href":"https:\/\/www.casariche.es\/index.php?rest_route=%2Fwp%2Fv2%2Fmedia&parent=56571"}],"wp:term":[{"taxonomy":"category","embeddable":true,"href":"https:\/\/www.casariche.es\/index.php?rest_route=%2Fwp%2Fv2%2Fcategories&post=56571"},{"taxonomy":"post_tag","embeddable":true,"href":"https:\/\/www.casariche.es\/index.php?rest_route=%2Fwp%2Fv2%2Ftags&post=56571"}],"curies":[{"name":"wp","href":"https:\/\/api.w.org\/{rel}","templated":true}]}}