{"id":54883,"date":"2023-07-04T14:05:01","date_gmt":"2023-07-04T12:05:01","guid":{"rendered":"https:\/\/www.casariche.es\/?p=54883"},"modified":"2023-07-04T21:07:31","modified_gmt":"2023-07-04T19:07:31","slug":"las-ayudas-individuales-a-mayores-y-o-personas-con-discapacidad-convocatoria-2023-pueden-solicitarse-hasta-el-20-de-julio","status":"publish","type":"post","link":"https:\/\/www.casariche.es\/?p=54883","title":{"rendered":"Las ayudas individuales a mayores y\/o personas con discapacidad (Convocatoria 2023) pueden solicitarse hasta el 20 de julio"},"content":{"rendered":"<header class=\"entry-header\">\n<div class=\"entry-meta\" style=\"text-align: justify;\"><strong><span style=\"font-size: 1rem;\">Hasta el 20 de julio <\/span><\/strong><strong style=\"font-size: 1rem;\">est\u00e1 abierto el plazo de presentaci\u00f3n de solicitudes para acogerse a las Ayudas P\u00fablicas Individuales, tanto para Mayores<\/strong><span style=\"font-size: 1rem;\">\u00a0(l\u00ednea 1)\u00a0<\/span><strong style=\"font-size: 1rem;\">como para Personas con Discapacidad<\/strong><span style=\"font-size: 1rem;\">\u00a0(l\u00ednea 2) de la\u00a0<\/span><strong style=\"font-size: 1rem;\">convocatoria 2023<\/strong><span style=\"font-size: 1rem;\">.<\/span><\/div>\n<\/header>\n<div class=\"entry-content clearfix\">\n<p style=\"text-align: justify;\">La primera l\u00ednea de\u00a0<strong>ayudas<\/strong>\u00a0se dirige\u00a0<strong>a personas mayores<\/strong>\u00a0y tiene como objeto facilitar la mayor autonom\u00eda posible a este colectivo mediante la financiaci\u00f3n de la adquisici\u00f3n, renovaci\u00f3n y reparaci\u00f3n de pr\u00f3tesis y \u00f3rtesis dentales, as\u00ed como actuaciones preparatorias para su implantaci\u00f3n.<\/p>\n<p style=\"text-align: justify;\">En el caso de las\u00a0<strong>ayudas individuales a personas con discapacidad<\/strong>, tiene como prop\u00f3sito facilitarles la mayor autonom\u00eda posible mediante la financiaci\u00f3n de conceptos como la adquisici\u00f3n, renovaci\u00f3n y reparaci\u00f3n de pr\u00f3tesis y \u00f3rtesis, as\u00ed como la adquisici\u00f3n, renovaci\u00f3n y reparaci\u00f3n de otros productos de apoyo a personas con discapacidad y gastos de desplazamiento de personas con discapacidad al centro residencial\u00a0 o de d\u00eda al que deban asistir, en aquellos casos en que no puedan hacer uso total o parcial del servicio disponible, as\u00ed como los gastos de desplazamiento de los ni\u00f1os y ni\u00f1as de 0 a 6 a\u00f1os que est\u00e9n recibiendo atenci\u00f3n temprana para desplazarse al centro al que deba asistir.<\/p>\n<p style=\"text-align: justify;\">Incluimos a continuaci\u00f3n los carteles informativos donde poder consultar la documentaci\u00f3n requerida, los requisitos que hay que cumplir para poder solicitarlas, etc.<\/p>\n<p style=\"text-align: justify;\">Todas las\u00a0<strong>personas interesadas en solicitarlas deben dirigirse a las Dependencias Municipales (en horario de 08:00 h a 15:00 h) y preguntar en los Servicios Sociales<\/strong>.<\/p>\n<p><img loading=\"lazy\" decoding=\"async\" class=\"aligncenter size-full wp-image-54900\" src=\"http:\/\/www.casariche.es\/wp-content\/uploads\/2023\/07\/Ayudas-Personas-Mayores.png\" alt=\"\" width=\"7016\" height=\"9922\" srcset=\"https:\/\/www.casariche.es\/wp-content\/uploads\/2023\/07\/Ayudas-Personas-Mayores.png 7016w, https:\/\/www.casariche.es\/wp-content\/uploads\/2023\/07\/Ayudas-Personas-Mayores-212x300.png 212w, https:\/\/www.casariche.es\/wp-content\/uploads\/2023\/07\/Ayudas-Personas-Mayores-724x1024.png 724w\" sizes=\"auto, (max-width: 7016px) 100vw, 7016px\" \/><\/p>\n<p><img loading=\"lazy\" decoding=\"async\" class=\"aligncenter size-full wp-image-54901\" src=\"http:\/\/www.casariche.es\/wp-content\/uploads\/2023\/07\/Ayudas-Personas-Discapacidad.png\" alt=\"\" width=\"7016\" height=\"9922\" srcset=\"https:\/\/www.casariche.es\/wp-content\/uploads\/2023\/07\/Ayudas-Personas-Discapacidad.png 7016w, https:\/\/www.casariche.es\/wp-content\/uploads\/2023\/07\/Ayudas-Personas-Discapacidad-212x300.png 212w, https:\/\/www.casariche.es\/wp-content\/uploads\/2023\/07\/Ayudas-Personas-Discapacidad-724x1024.png 724w, https:\/\/www.casariche.es\/wp-content\/uploads\/2023\/07\/Ayudas-Personas-Discapacidad-768x1086.png 768w, https:\/\/www.casariche.es\/wp-content\/uploads\/2023\/07\/Ayudas-Personas-Discapacidad-1086x1536.png 1086w, https:\/\/www.casariche.es\/wp-content\/uploads\/2023\/07\/Ayudas-Personas-Discapacidad-1448x2048.png 1448w\" sizes=\"auto, (max-width: 7016px) 100vw, 7016px\" \/><\/p>\n<p>&nbsp;<\/p>\n<p>&nbsp;<\/p>\n<\/div>\n","protected":false},"excerpt":{"rendered":"<p>Hasta el 20 de julio est\u00e1 abierto el plazo de presentaci\u00f3n de solicitudes para acogerse a las Ayudas P\u00fablicas Individuales, tanto para Mayores\u00a0(l\u00ednea 1)\u00a0como para<\/p>\n","protected":false},"author":2,"featured_media":54904,"comment_status":"closed","ping_status":"closed","sticky":false,"template":"","format":"standard","meta":{"footnotes":""},"categories":[1,6],"tags":[620,28,26,27],"class_list":["post-54883","post","type-post","status-publish","format-standard","has-post-thumbnail","hentry","category-sin-categoria","category-bienestar-social","tag-ayudas","tag-discapacidad","tag-individuales","tag-mayores"],"_links":{"self":[{"href":"https:\/\/www.casariche.es\/index.php?rest_route=\/wp\/v2\/posts\/54883","targetHints":{"allow":["GET"]}}],"collection":[{"href":"https:\/\/www.casariche.es\/index.php?rest_route=\/wp\/v2\/posts"}],"about":[{"href":"https:\/\/www.casariche.es\/index.php?rest_route=\/wp\/v2\/types\/post"}],"author":[{"embeddable":true,"href":"https:\/\/www.casariche.es\/index.php?rest_route=\/wp\/v2\/users\/2"}],"replies":[{"embeddable":true,"href":"https:\/\/www.casariche.es\/index.php?rest_route=%2Fwp%2Fv2%2Fcomments&post=54883"}],"version-history":[{"count":9,"href":"https:\/\/www.casariche.es\/index.php?rest_route=\/wp\/v2\/posts\/54883\/revisions"}],"predecessor-version":[{"id":54968,"href":"https:\/\/www.casariche.es\/index.php?rest_route=\/wp\/v2\/posts\/54883\/revisions\/54968"}],"wp:featuredmedia":[{"embeddable":true,"href":"https:\/\/www.casariche.es\/index.php?rest_route=\/wp\/v2\/media\/54904"}],"wp:attachment":[{"href":"https:\/\/www.casariche.es\/index.php?rest_route=%2Fwp%2Fv2%2Fmedia&parent=54883"}],"wp:term":[{"taxonomy":"category","embeddable":true,"href":"https:\/\/www.casariche.es\/index.php?rest_route=%2Fwp%2Fv2%2Fcategories&post=54883"},{"taxonomy":"post_tag","embeddable":true,"href":"https:\/\/www.casariche.es\/index.php?rest_route=%2Fwp%2Fv2%2Ftags&post=54883"}],"curies":[{"name":"wp","href":"https:\/\/api.w.org\/{rel}","templated":true}]}}