{"id":5282,"date":"2013-12-19T08:17:10","date_gmt":"2013-12-19T05:47:10","guid":{"rendered":"http:\/\/www.casariche.es\/?p=5282"},"modified":"2013-12-19T13:26:33","modified_gmt":"2013-12-19T10:56:33","slug":"la-ii-zambomba-solidaria-nazareno-y-esperanza-a-beneficio-de-caritas-parroquial-sera-el-viernes-20","status":"publish","type":"post","link":"https:\/\/www.casariche.es\/?p=5282","title":{"rendered":"La II Zambomb\u00e1 Solidaria \u201cNazareno y Esperanza\u201d a beneficio de Caritas Parroquial ser\u00e1 el viernes 20"},"content":{"rendered":"<p>El \u00a0viernes d\u00eda 20 de diciembre, a partir de las 17:30 horas en el Teatro Municipal, se celebrar\u00e1 la II Zambomb\u00e1 Solidaria \u201cNazareno y Esperanza\u201d a beneficio de Caritas Parroquial. \u00a0Dado que en su primera edici\u00f3n, la Zambomb\u00e1 fue un \u00e9xito de participaci\u00f3n y asistencia, superando el medio millar de asistentes, este a\u00f1o el evento se ha trasladado al Teatro Municipal<\/p>\n<p>La periodista y directora del peri\u00f3dico digital Sierra Sur, Reme Camero, ser\u00e1 la encargada de presentar el acto, en el que se contar\u00e1 con las siguientes actuaciones:<\/p>\n<ul>\n<li>Teatro Navide\u00f1o \u201cUna Navidad diferente\u201d a cargo de la Guarder\u00eda Municipal.<\/li>\n<li>Coro del Colegio Lope de Vega<\/li>\n<li>Banda de M\u00fasica Maestro Vitito<\/li>\n<li>Coro del Centro D\u00eda de Mayores<\/li>\n<li>Margari Guerrero (finalista de Operaci\u00f3n Talento de Sevilla)<\/li>\n<li>Coro de la Asociaci\u00f3n Crisol<\/li>\n<li>Grupo flamenco \u201cEsto es lo que hay\u201d<\/li>\n<\/ul>\n<p>El coste de la entrada ser\u00e1 de 3\u201900\u20ac y durante el desarrollo de la Zambomb\u00e1 habr\u00e1 venta de chocolate caliente, churros y dulces navide\u00f1os a precios muy asequibles (1\u201900\u20ac). El dinero recaudado ser\u00e1 donado \u00edntegramente a Caritas Parroquial con la finalidad de ayudar a los m\u00e1s necesitados de nuestro pueblo y aportar una peque\u00f1a ayuda a las familias que est\u00e1n pasando dif\u00edciles momentos y puedan disfrutar de unas Felices Fiestas.<\/p>\n<p>Cabe destacar que este evento se enmarca en el Proyecto Esperanza, un proyecto solidario con motivo del XX Aniversario de la bendici\u00f3n de Mar\u00eda Sant\u00edsima de la Esperanza, llevado a cabo por la Hermandad de Nuestro Padre Jes\u00fas Nazareno y Mar\u00eda Sant\u00edsima de la Esperanza de Casariche\u00a0.<\/p>\n","protected":false},"excerpt":{"rendered":"<p>El \u00a0viernes d\u00eda 20 de diciembre, a partir de las 17:30 horas en el Teatro Municipal, se celebrar\u00e1 la II Zambomb\u00e1 Solidaria \u201cNazareno y Esperanza\u201d<\/p>\n","protected":false},"author":2,"featured_media":5284,"comment_status":"closed","ping_status":"open","sticky":false,"template":"","format":"standard","meta":{"footnotes":""},"categories":[7,1,6],"tags":[],"class_list":["post-5282","post","type-post","status-publish","format-standard","has-post-thumbnail","hentry","category-cultura","category-sin-categoria","category-bienestar-social"],"_links":{"self":[{"href":"https:\/\/www.casariche.es\/index.php?rest_route=\/wp\/v2\/posts\/5282","targetHints":{"allow":["GET"]}}],"collection":[{"href":"https:\/\/www.casariche.es\/index.php?rest_route=\/wp\/v2\/posts"}],"about":[{"href":"https:\/\/www.casariche.es\/index.php?rest_route=\/wp\/v2\/types\/post"}],"author":[{"embeddable":true,"href":"https:\/\/www.casariche.es\/index.php?rest_route=\/wp\/v2\/users\/2"}],"replies":[{"embeddable":true,"href":"https:\/\/www.casariche.es\/index.php?rest_route=%2Fwp%2Fv2%2Fcomments&post=5282"}],"version-history":[{"count":4,"href":"https:\/\/www.casariche.es\/index.php?rest_route=\/wp\/v2\/posts\/5282\/revisions"}],"predecessor-version":[{"id":5332,"href":"https:\/\/www.casariche.es\/index.php?rest_route=\/wp\/v2\/posts\/5282\/revisions\/5332"}],"wp:featuredmedia":[{"embeddable":true,"href":"https:\/\/www.casariche.es\/index.php?rest_route=\/wp\/v2\/media\/5284"}],"wp:attachment":[{"href":"https:\/\/www.casariche.es\/index.php?rest_route=%2Fwp%2Fv2%2Fmedia&parent=5282"}],"wp:term":[{"taxonomy":"category","embeddable":true,"href":"https:\/\/www.casariche.es\/index.php?rest_route=%2Fwp%2Fv2%2Fcategories&post=5282"},{"taxonomy":"post_tag","embeddable":true,"href":"https:\/\/www.casariche.es\/index.php?rest_route=%2Fwp%2Fv2%2Ftags&post=5282"}],"curies":[{"name":"wp","href":"https:\/\/api.w.org\/{rel}","templated":true}]}}