{"id":52205,"date":"2023-02-24T16:59:54","date_gmt":"2023-02-24T15:59:54","guid":{"rendered":"https:\/\/www.casariche.es\/?p=52205"},"modified":"2023-02-24T16:59:54","modified_gmt":"2023-02-24T15:59:54","slug":"la-campana-del-dia-internacional-de-la-mujer-2023-casariche-avanzando-hacia-la-igualdad-ya-esta-lista","status":"publish","type":"post","link":"https:\/\/www.casariche.es\/?p=52205","title":{"rendered":"La Campa\u00f1a del D\u00eda Internacional de la Mujer 2023 &#8216;Casariche Avanzando hacia la Igualdad&#8217; ya est\u00e1 lista"},"content":{"rendered":"<p style=\"text-align: justify;\">Hoy damos a conocer la <strong>Campa\u00f1a del D\u00eda Internacional de la Mujer 2023 &#8216;Casariche Avanzando hacia la Igualdad&#8217;<\/strong>,\u00a0 que\u00a0 contempla distintas <strong>acciones en pro de la igualdad, la diversidad y contra la violencia de g\u00e9nero<\/strong>. Pr\u00f3ximamente, iremos difusi\u00f3n de forma individual a las diferentes actividades de forma progresiva durante el mes de Marzo.<\/p>\n<p style=\"text-align: justify;\">Incluimos a continuaci\u00f3n para su consulta su completo <strong>programa de actividades, que incluye<\/strong> un <strong>Viaje Cultural a Guadix, una Charla-Taller sobe el libro &#8216;Mi Traje de Hombre. Una Visi\u00f3n Feminista desde la Masculinidad&#8217;, un Encuentro- Convivencia entre mujeres, el acto central con lectura de Manifiesto y Teatro, el VII Curso de Cocina y Corresponsabilidad en el Hogar para Ni\u00f1@s y un Curso de Lenguaje Inclusivo para Recursos Humanos de la Corporaci\u00f3n Municipal<\/strong>.<\/p>\n<p style=\"text-align: justify;\">La Campa\u00f1a de Sensibilizaci\u00f3n y Formaci\u00f3n 8M \u2013 D\u00eda Internacional de la Mujer 2023 ha sido <strong>financiada con cargo a los cr\u00e9ditos recibidos del Ministerio de Igualdad, Secretar\u00eda de Estado de Igualdad y contra la Violencia de G\u00e9nero. Pacto de Estado contra la Violencia de G\u00e9nero, 2022.\u00a0 <\/strong><strong>Por Diputaci\u00f3n de Sevilla a trav\u00e9s del Proyecto &#8216;Casariche Avanzando hacia la Igualdad&#8217;<\/strong>, <strong>y<\/strong> finalmente, <strong>por el Ayuntamiento de Casariche<\/strong>. Asimismo, cuenta con la <strong>colaboraci\u00f3n de la Asociaci\u00f3n de Mujeres &#8216;Sirena&#8217; de nuestra localidad<\/strong>.<\/p>\n<p><a href=\"http:\/\/www.casariche.es\/wp-content\/uploads\/2023\/02\/PROGRAMACION-CAMPANA-DIA-INTERNACIONAL-DE-LA-MUJER-2023.pdf\" target=\"_blank\" rel=\"noopener\">Consultar Programaci\u00f3n D\u00eda Internacional de la Mujer Casariche 2023<\/a><\/p>\n<div id='gallery-1' class='gallery galleryid-52205 gallery-columns-1 gallery-size-full'><figure class='gallery-item'>\n\t\t\t<div class='gallery-icon portrait'>\n\t\t\t\t<a href='https:\/\/www.casariche.es\/?attachment_id=52214'><img loading=\"lazy\" decoding=\"async\" width=\"1190\" height=\"1684\" src=\"https:\/\/www.casariche.es\/wp-content\/uploads\/2023\/02\/PROGRAMACION-CAMPANA-DIA-INTERNACIONAL-DE-LA-MUJER-2023-001.jpg\" class=\"attachment-full size-full\" alt=\"\" srcset=\"https:\/\/www.casariche.es\/wp-content\/uploads\/2023\/02\/PROGRAMACION-CAMPANA-DIA-INTERNACIONAL-DE-LA-MUJER-2023-001.jpg 1190w, https:\/\/www.casariche.es\/wp-content\/uploads\/2023\/02\/PROGRAMACION-CAMPANA-DIA-INTERNACIONAL-DE-LA-MUJER-2023-001-212x300.jpg 212w, https:\/\/www.casariche.es\/wp-content\/uploads\/2023\/02\/PROGRAMACION-CAMPANA-DIA-INTERNACIONAL-DE-LA-MUJER-2023-001-724x1024.jpg 724w, https:\/\/www.casariche.es\/wp-content\/uploads\/2023\/02\/PROGRAMACION-CAMPANA-DIA-INTERNACIONAL-DE-LA-MUJER-2023-001-768x1087.jpg 768w, https:\/\/www.casariche.es\/wp-content\/uploads\/2023\/02\/PROGRAMACION-CAMPANA-DIA-INTERNACIONAL-DE-LA-MUJER-2023-001-1085x1536.jpg 1085w\" sizes=\"auto, (max-width: 1190px) 100vw, 1190px\" \/><\/a>\n\t\t\t<\/div><\/figure><figure class='gallery-item'>\n\t\t\t<div class='gallery-icon portrait'>\n\t\t\t\t<a href='https:\/\/www.casariche.es\/?attachment_id=52215'><img loading=\"lazy\" decoding=\"async\" width=\"1190\" height=\"1684\" src=\"https:\/\/www.casariche.es\/wp-content\/uploads\/2023\/02\/PROGRAMACION-CAMPANA-DIA-INTERNACIONAL-DE-LA-MUJER-2023-002.jpg\" class=\"attachment-full size-full\" alt=\"\" srcset=\"https:\/\/www.casariche.es\/wp-content\/uploads\/2023\/02\/PROGRAMACION-CAMPANA-DIA-INTERNACIONAL-DE-LA-MUJER-2023-002.jpg 1190w, https:\/\/www.casariche.es\/wp-content\/uploads\/2023\/02\/PROGRAMACION-CAMPANA-DIA-INTERNACIONAL-DE-LA-MUJER-2023-002-212x300.jpg 212w, https:\/\/www.casariche.es\/wp-content\/uploads\/2023\/02\/PROGRAMACION-CAMPANA-DIA-INTERNACIONAL-DE-LA-MUJER-2023-002-724x1024.jpg 724w, https:\/\/www.casariche.es\/wp-content\/uploads\/2023\/02\/PROGRAMACION-CAMPANA-DIA-INTERNACIONAL-DE-LA-MUJER-2023-002-768x1087.jpg 768w, https:\/\/www.casariche.es\/wp-content\/uploads\/2023\/02\/PROGRAMACION-CAMPANA-DIA-INTERNACIONAL-DE-LA-MUJER-2023-002-1085x1536.jpg 1085w\" sizes=\"auto, (max-width: 1190px) 100vw, 1190px\" \/><\/a>\n\t\t\t<\/div><\/figure><figure class='gallery-item'>\n\t\t\t<div class='gallery-icon portrait'>\n\t\t\t\t<a href='https:\/\/www.casariche.es\/?attachment_id=52216'><img loading=\"lazy\" decoding=\"async\" width=\"1190\" height=\"1684\" src=\"https:\/\/www.casariche.es\/wp-content\/uploads\/2023\/02\/PROGRAMACION-CAMPANA-DIA-INTERNACIONAL-DE-LA-MUJER-2023-003.jpg\" class=\"attachment-full size-full\" alt=\"\" srcset=\"https:\/\/www.casariche.es\/wp-content\/uploads\/2023\/02\/PROGRAMACION-CAMPANA-DIA-INTERNACIONAL-DE-LA-MUJER-2023-003.jpg 1190w, https:\/\/www.casariche.es\/wp-content\/uploads\/2023\/02\/PROGRAMACION-CAMPANA-DIA-INTERNACIONAL-DE-LA-MUJER-2023-003-212x300.jpg 212w, https:\/\/www.casariche.es\/wp-content\/uploads\/2023\/02\/PROGRAMACION-CAMPANA-DIA-INTERNACIONAL-DE-LA-MUJER-2023-003-724x1024.jpg 724w, https:\/\/www.casariche.es\/wp-content\/uploads\/2023\/02\/PROGRAMACION-CAMPANA-DIA-INTERNACIONAL-DE-LA-MUJER-2023-003-768x1087.jpg 768w, https:\/\/www.casariche.es\/wp-content\/uploads\/2023\/02\/PROGRAMACION-CAMPANA-DIA-INTERNACIONAL-DE-LA-MUJER-2023-003-1085x1536.jpg 1085w\" sizes=\"auto, (max-width: 1190px) 100vw, 1190px\" \/><\/a>\n\t\t\t<\/div><\/figure>\n\t\t<\/div>\n\n","protected":false},"excerpt":{"rendered":"<p>Hoy damos a conocer la Campa\u00f1a del D\u00eda Internacional de la Mujer 2023 &#8216;Casariche Avanzando hacia la Igualdad&#8217;,\u00a0 que\u00a0 contempla distintas acciones en pro de<\/p>\n","protected":false},"author":2,"featured_media":52218,"comment_status":"closed","ping_status":"closed","sticky":false,"template":"","format":"standard","meta":{"footnotes":""},"categories":[1,6],"tags":[],"class_list":["post-52205","post","type-post","status-publish","format-standard","has-post-thumbnail","hentry","category-sin-categoria","category-bienestar-social"],"_links":{"self":[{"href":"https:\/\/www.casariche.es\/index.php?rest_route=\/wp\/v2\/posts\/52205","targetHints":{"allow":["GET"]}}],"collection":[{"href":"https:\/\/www.casariche.es\/index.php?rest_route=\/wp\/v2\/posts"}],"about":[{"href":"https:\/\/www.casariche.es\/index.php?rest_route=\/wp\/v2\/types\/post"}],"author":[{"embeddable":true,"href":"https:\/\/www.casariche.es\/index.php?rest_route=\/wp\/v2\/users\/2"}],"replies":[{"embeddable":true,"href":"https:\/\/www.casariche.es\/index.php?rest_route=%2Fwp%2Fv2%2Fcomments&post=52205"}],"version-history":[{"count":3,"href":"https:\/\/www.casariche.es\/index.php?rest_route=\/wp\/v2\/posts\/52205\/revisions"}],"predecessor-version":[{"id":52217,"href":"https:\/\/www.casariche.es\/index.php?rest_route=\/wp\/v2\/posts\/52205\/revisions\/52217"}],"wp:featuredmedia":[{"embeddable":true,"href":"https:\/\/www.casariche.es\/index.php?rest_route=\/wp\/v2\/media\/52218"}],"wp:attachment":[{"href":"https:\/\/www.casariche.es\/index.php?rest_route=%2Fwp%2Fv2%2Fmedia&parent=52205"}],"wp:term":[{"taxonomy":"category","embeddable":true,"href":"https:\/\/www.casariche.es\/index.php?rest_route=%2Fwp%2Fv2%2Fcategories&post=52205"},{"taxonomy":"post_tag","embeddable":true,"href":"https:\/\/www.casariche.es\/index.php?rest_route=%2Fwp%2Fv2%2Ftags&post=52205"}],"curies":[{"name":"wp","href":"https:\/\/api.w.org\/{rel}","templated":true}]}}