{"id":51661,"date":"2023-02-03T16:00:35","date_gmt":"2023-02-03T15:00:35","guid":{"rendered":"https:\/\/www.casariche.es\/?p=51661"},"modified":"2023-02-03T17:27:12","modified_gmt":"2023-02-03T16:27:12","slug":"abierto-el-plazo-de-inscripcion-en-el-concurso-del-dia-mundial-del-cancer-infantil","status":"publish","type":"post","link":"https:\/\/www.casariche.es\/?p=51661","title":{"rendered":"Abierto el plazo de inscripci\u00f3n en el Concurso del D\u00eda Mundial del C\u00e1ncer Infantil"},"content":{"rendered":"<p>Con motivo de la conmemoraci\u00f3n del <strong>D\u00eda Mundial del C\u00e1ncer Infantil<\/strong> el pr\u00f3ximo 15 de Febrero, <strong>el Ayuntamiento abre hoy el plazo para participar en un concurso de dibujo para ni\u00f1os y ni\u00f1as nacidos en 2011 o a\u00f1os posteriores<\/strong>.<\/p>\n<p>Se premiar\u00e1 con <strong>un juego educativo a los 3 primeros dibujos y el dibujo ganador ser\u00e1 el cartel utilizado para conmemorar el D\u00eda Mundial del C\u00e1ncer Infantil 2023<\/strong>.<\/p>\n<p>El <strong>plazo para participar estar\u00e1 abierto hasta el 13 de Febrero<\/strong> (inclusive).<\/p>\n<p>\u00a1\u00a1No lo dudes y ponte manos a la obra!!<\/p>\n<p>Para participar, <strong>solo tienes que enviarnos el dibujo con los datos personales del menor y el tel\u00e9fono de contacto al correo javierquesada@casariche.es<\/strong><\/p>\n<p><img loading=\"lazy\" decoding=\"async\" class=\"aligncenter size-full wp-image-51662\" src=\"http:\/\/www.casariche.es\/wp-content\/uploads\/2023\/02\/concurso-dibujo-cancer-infantil.jpeg\" alt=\"\" width=\"1024\" height=\"512\" srcset=\"https:\/\/www.casariche.es\/wp-content\/uploads\/2023\/02\/concurso-dibujo-cancer-infantil.jpeg 1024w, https:\/\/www.casariche.es\/wp-content\/uploads\/2023\/02\/concurso-dibujo-cancer-infantil-300x150.jpeg 300w, https:\/\/www.casariche.es\/wp-content\/uploads\/2023\/02\/concurso-dibujo-cancer-infantil-768x384.jpeg 768w\" sizes=\"auto, (max-width: 1024px) 100vw, 1024px\" \/><\/p>\n","protected":false},"excerpt":{"rendered":"<p>Con motivo de la conmemoraci\u00f3n del D\u00eda Mundial del C\u00e1ncer Infantil el pr\u00f3ximo 15 de Febrero, el Ayuntamiento abre hoy el plazo para participar en<\/p>\n","protected":false},"author":2,"featured_media":51662,"comment_status":"closed","ping_status":"closed","sticky":false,"template":"","format":"standard","meta":{"footnotes":""},"categories":[1,6],"tags":[256,148,4481,628],"class_list":["post-51661","post","type-post","status-publish","format-standard","has-post-thumbnail","hentry","category-sin-categoria","category-bienestar-social","tag-cancer","tag-concurso","tag-dibujo","tag-infantil"],"_links":{"self":[{"href":"https:\/\/www.casariche.es\/index.php?rest_route=\/wp\/v2\/posts\/51661","targetHints":{"allow":["GET"]}}],"collection":[{"href":"https:\/\/www.casariche.es\/index.php?rest_route=\/wp\/v2\/posts"}],"about":[{"href":"https:\/\/www.casariche.es\/index.php?rest_route=\/wp\/v2\/types\/post"}],"author":[{"embeddable":true,"href":"https:\/\/www.casariche.es\/index.php?rest_route=\/wp\/v2\/users\/2"}],"replies":[{"embeddable":true,"href":"https:\/\/www.casariche.es\/index.php?rest_route=%2Fwp%2Fv2%2Fcomments&post=51661"}],"version-history":[{"count":1,"href":"https:\/\/www.casariche.es\/index.php?rest_route=\/wp\/v2\/posts\/51661\/revisions"}],"predecessor-version":[{"id":51663,"href":"https:\/\/www.casariche.es\/index.php?rest_route=\/wp\/v2\/posts\/51661\/revisions\/51663"}],"wp:featuredmedia":[{"embeddable":true,"href":"https:\/\/www.casariche.es\/index.php?rest_route=\/wp\/v2\/media\/51662"}],"wp:attachment":[{"href":"https:\/\/www.casariche.es\/index.php?rest_route=%2Fwp%2Fv2%2Fmedia&parent=51661"}],"wp:term":[{"taxonomy":"category","embeddable":true,"href":"https:\/\/www.casariche.es\/index.php?rest_route=%2Fwp%2Fv2%2Fcategories&post=51661"},{"taxonomy":"post_tag","embeddable":true,"href":"https:\/\/www.casariche.es\/index.php?rest_route=%2Fwp%2Fv2%2Ftags&post=51661"}],"curies":[{"name":"wp","href":"https:\/\/api.w.org\/{rel}","templated":true}]}}